{"id":6409,"date":"2022-01-27T19:23:34","date_gmt":"2022-01-27T18:23:34","guid":{"rendered":"https:\/\/agora.xtec.cat\/escolamestralvilanova\/?p=6409"},"modified":"2022-01-28T13:02:45","modified_gmt":"2022-01-28T12:02:45","slug":"cuentos-por-telefono-2","status":"publish","type":"post","link":"https:\/\/agora.xtec.cat\/escolamestralvilanova\/portada\/cuentos-por-telefono-2\/","title":{"rendered":"CUENTOS POR TEL\u00c9FONO"},"content":{"rendered":"<p>Els nens i nenes del Cicle Mitj\u00e0 hem treballat Gianni Rodari &#8220;Cuentos por tel\u00e9fono&#8221; a castell\u00e0.<\/p>\n<p style=\"text-align: justify;\">A partir del conte &#8220;Vamos a inventar los\u00a0 n\u00fameros&#8221; s\u00b4han inventat el seu propi conte i aquest \u00e9s el resultat&#8230;<\/p>\n<div><a href=\"https:\/\/photos.app.goo.gl\/wrDkAJCSrZk64bNL8\"><img loading=\"lazy\" decoding=\"async\" class=\"alignnone size-medium wp-image-6410\" src=\"https:\/\/agora.xtec.cat\/escolamestralvilanova\/wp-content\/uploads\/usu729\/2022\/01\/Captura-de-Pantalla-2022-01-27-a-les-19.20.56-300x168.png\" alt=\"\" width=\"300\" height=\"168\" srcset=\"https:\/\/agora.xtec.cat\/escolamestralvilanova\/wp-content\/uploads\/usu729\/2022\/01\/Captura-de-Pantalla-2022-01-27-a-les-19.20.56-300x168.png 300w, https:\/\/agora.xtec.cat\/escolamestralvilanova\/wp-content\/uploads\/usu729\/2022\/01\/Captura-de-Pantalla-2022-01-27-a-les-19.20.56-768x429.png 768w, https:\/\/agora.xtec.cat\/escolamestralvilanova\/wp-content\/uploads\/usu729\/2022\/01\/Captura-de-Pantalla-2022-01-27-a-les-19.20.56.png 780w\" sizes=\"auto, (max-width: 300px) 100vw, 300px\" \/> <\/a><\/div>\n<div><a href=\"https:\/\/photos.app.goo.gl\/j3TtJt5X5ZMxECvp6\"><img loading=\"lazy\" decoding=\"async\" class=\"alignnone size-medium wp-image-6411\" src=\"https:\/\/agora.xtec.cat\/escolamestralvilanova\/wp-content\/uploads\/usu729\/2022\/01\/Captura-de-Pantalla-2022-01-27-a-les-19.20.51-300x169.png\" alt=\"\" width=\"300\" height=\"169\" srcset=\"https:\/\/agora.xtec.cat\/escolamestralvilanova\/wp-content\/uploads\/usu729\/2022\/01\/Captura-de-Pantalla-2022-01-27-a-les-19.20.51-300x169.png 300w, https:\/\/agora.xtec.cat\/escolamestralvilanova\/wp-content\/uploads\/usu729\/2022\/01\/Captura-de-Pantalla-2022-01-27-a-les-19.20.51-768x433.png 768w, https:\/\/agora.xtec.cat\/escolamestralvilanova\/wp-content\/uploads\/usu729\/2022\/01\/Captura-de-Pantalla-2022-01-27-a-les-19.20.51.png 784w\" sizes=\"auto, (max-width: 300px) 100vw, 300px\" \/><\/a><\/div>\n<div><a href=\"https:\/\/photos.app.goo.gl\/cruMnUdT7E1nbDLQ8\"> <img loading=\"lazy\" decoding=\"async\" class=\"alignnone size-medium wp-image-6412\" src=\"https:\/\/agora.xtec.cat\/escolamestralvilanova\/wp-content\/uploads\/usu729\/2022\/01\/Captura-de-Pantalla-2022-01-27-a-les-19.20.46-300x168.png\" alt=\"\" width=\"300\" height=\"168\" srcset=\"https:\/\/agora.xtec.cat\/escolamestralvilanova\/wp-content\/uploads\/usu729\/2022\/01\/Captura-de-Pantalla-2022-01-27-a-les-19.20.46-300x168.png 300w, https:\/\/agora.xtec.cat\/escolamestralvilanova\/wp-content\/uploads\/usu729\/2022\/01\/Captura-de-Pantalla-2022-01-27-a-les-19.20.46-768x430.png 768w, https:\/\/agora.xtec.cat\/escolamestralvilanova\/wp-content\/uploads\/usu729\/2022\/01\/Captura-de-Pantalla-2022-01-27-a-les-19.20.46.png 786w\" sizes=\"auto, (max-width: 300px) 100vw, 300px\" \/><\/a><\/div>\n<div><\/div>\n<ul>\n<li><a href=\"https:\/\/photos.app.goo.gl\/xesfyUMwgRx45GYL9\">ENLLA\u00c7 ALS V\u00cdDEOS<\/a><\/li>\n<\/ul>\n","protected":false},"excerpt":{"rendered":"<p>Els nens i nenes del Cicle Mitj\u00e0 hem treballat Gianni Rodari &#8220;Cuentos por tel\u00e9fono&#8221; a castell\u00e0.<br \/>\nA partir del conte &#8220;Vamos a inventar los\u00a0 n\u00fameros&#8221; s\u00b4han inventat el seu propi conte i aquest \u00e9s el resultat&#8230;<br \/>\n<a href=\"https:\/\/photos.app.goo.gl\/wrDkAJCSrZk64bNL8\"> <\/a><br \/>\n<a href=\"https:\/\/photos.app.goo.gl\/j3TtJt5X5ZMxECvp6\"><\/a><br \/>\n<a href=\"https:\/\/photos.app.goo.gl\/cruMnUdT7E1nbDLQ8\"> <\/a><\/p>\n<ul>\n<li><a href=\"https:\/\/photos.app.goo.gl\/xesfyUMwgRx45GYL9\">ENLLA\u00c7 ALS V\u00cdDEOS<\/a><\/li>\n<\/ul>\n","protected":false},"author":1,"featured_media":0,"comment_status":"open","ping_status":"closed","sticky":false,"template":"","format":"standard","meta":{"_bbp_topic_count":0,"_bbp_reply_count":0,"_bbp_total_topic_count":0,"_bbp_total_reply_count":0,"_bbp_voice_count":0,"_bbp_anonymous_reply_count":0,"_bbp_topic_count_hidden":0,"_bbp_reply_count_hidden":0,"_bbp_forum_subforum_count":0,"footnotes":""},"categories":[12,4],"tags":[],"class_list":["post-6409","post","type-post","status-publish","format-standard","hentry","category-tercer-quart","category-portada"],"post_mailing_queue_ids":[],"_links":{"self":[{"href":"https:\/\/agora.xtec.cat\/escolamestralvilanova\/wp-json\/wp\/v2\/posts\/6409","targetHints":{"allow":["GET"]}}],"collection":[{"href":"https:\/\/agora.xtec.cat\/escolamestralvilanova\/wp-json\/wp\/v2\/posts"}],"about":[{"href":"https:\/\/agora.xtec.cat\/escolamestralvilanova\/wp-json\/wp\/v2\/types\/post"}],"author":[{"embeddable":true,"href":"https:\/\/agora.xtec.cat\/escolamestralvilanova\/wp-json\/wp\/v2\/users\/1"}],"replies":[{"embeddable":true,"href":"https:\/\/agora.xtec.cat\/escolamestralvilanova\/wp-json\/wp\/v2\/comments?post=6409"}],"version-history":[{"count":3,"href":"https:\/\/agora.xtec.cat\/escolamestralvilanova\/wp-json\/wp\/v2\/posts\/6409\/revisions"}],"predecessor-version":[{"id":6420,"href":"https:\/\/agora.xtec.cat\/escolamestralvilanova\/wp-json\/wp\/v2\/posts\/6409\/revisions\/6420"}],"wp:attachment":[{"href":"https:\/\/agora.xtec.cat\/escolamestralvilanova\/wp-json\/wp\/v2\/media?parent=6409"}],"wp:term":[{"taxonomy":"category","embeddable":true,"href":"https:\/\/agora.xtec.cat\/escolamestralvilanova\/wp-json\/wp\/v2\/categories?post=6409"},{"taxonomy":"post_tag","embeddable":true,"href":"https:\/\/agora.xtec.cat\/escolamestralvilanova\/wp-json\/wp\/v2\/tags?post=6409"}],"curies":[{"name":"wp","href":"https:\/\/api.w.org\/{rel}","templated":true}]}}