{"id":6406,"date":"2022-01-21T17:15:22","date_gmt":"2022-01-21T16:15:22","guid":{"rendered":"https:\/\/agora.xtec.cat\/escolamestralvilanova\/?p=6406"},"modified":"2022-01-21T17:15:28","modified_gmt":"2022-01-21T16:15:28","slug":"propostes-dhivern","status":"publish","type":"post","link":"https:\/\/agora.xtec.cat\/escolamestralvilanova\/infantil\/propostes-dhivern\/","title":{"rendered":"PROPOSTES D&#8217;HIVERN"},"content":{"rendered":"<p style=\"text-align: justify;\">Aquests dies de fred hem aprofitat per fer algunes propostes per treballar aquesta estaci\u00f3 a l&#8217;escoleta:<br \/>\n&#8211; Aprofitant el GEBRE acumulat a l&#8217; HORT,(que semblava neu) hem sortit a observar-lo, tocar-lo, experimentar amb ell, observar el seu color blanc, xafar-lo, recollir fulles, veure els espinacs que vam plantar&#8230;<br \/>\n&#8211; PROVOCACI\u00d3 amb peces soltes i altres elements amb els colors de l&#8217;hivern, a trav\u00e9s dels quals hem fet construccions, creat m\u00fasica, joc simb\u00f2lic, entre d&#8217;altres.<br \/>\n&#8211; Manipulaci\u00f3 amb elements de VESTUARI propis d&#8217;aquesta estaci\u00f3: guants, gorra, bufanda, mitjons, etc.<\/p>\n<ul>\n<li><a href=\"https:\/\/photos.google.com\/share\/AF1QipND43803KozaUfE_ZMW1EkTwlvbrcI1eAavTrnPZthg6PmymQcyHsh_m1NfZGgVpA?key=Vkw2NWM0OXpVaEhSWjR4aGRYRnQ4Y19pclpCNWV3\">ENLLA\u00c7 A LES FOTOGRAFIES<\/a><\/li>\n<\/ul>\n<p><a href=\"https:\/\/photos.google.com\/share\/AF1QipND43803KozaUfE_ZMW1EkTwlvbrcI1eAavTrnPZthg6PmymQcyHsh_m1NfZGgVpA?key=Vkw2NWM0OXpVaEhSWjR4aGRYRnQ4Y19pclpCNWV3\"><img loading=\"lazy\" decoding=\"async\" class=\"alignnone size-medium wp-image-6407\" src=\"https:\/\/agora.xtec.cat\/escolamestralvilanova\/wp-content\/uploads\/usu729\/2022\/01\/PHOTO-2022-01-21-15-10-58-169x300.jpg\" alt=\"\" width=\"169\" height=\"300\" srcset=\"https:\/\/agora.xtec.cat\/escolamestralvilanova\/wp-content\/uploads\/usu729\/2022\/01\/PHOTO-2022-01-21-15-10-58-169x300.jpg 169w, https:\/\/agora.xtec.cat\/escolamestralvilanova\/wp-content\/uploads\/usu729\/2022\/01\/PHOTO-2022-01-21-15-10-58-576x1024.jpg 576w, https:\/\/agora.xtec.cat\/escolamestralvilanova\/wp-content\/uploads\/usu729\/2022\/01\/PHOTO-2022-01-21-15-10-58-768x1366.jpg 768w, https:\/\/agora.xtec.cat\/escolamestralvilanova\/wp-content\/uploads\/usu729\/2022\/01\/PHOTO-2022-01-21-15-10-58-864x1536.jpg 864w, https:\/\/agora.xtec.cat\/escolamestralvilanova\/wp-content\/uploads\/usu729\/2022\/01\/PHOTO-2022-01-21-15-10-58.jpg 899w\" sizes=\"auto, (max-width: 169px) 100vw, 169px\" \/><\/a><\/p>\n","protected":false},"excerpt":{"rendered":"<p>Aquests dies de fred hem aprofitat per fer algunes propostes per treballar aquesta estaci\u00f3 a l&#8217;escoleta:<br \/>\n&#8211; Aprofitant el GEBRE acumulat a l&#8217; HORT,(que semblava neu) hem sortit a observar-lo, tocar-lo, experimentar amb ell, observar el seu color blanc, xafar-lo, recollir fulles, veure els espinacs que&hellip;  <a href=\"https:\/\/agora.xtec.cat\/escolamestralvilanova\/infantil\/propostes-dhivern\/\" title=\"Read PROPOSTES D&#8217;HIVERN\">Llegeix m\u00e9s\u00bb<\/a><\/p>\n","protected":false},"author":1,"featured_media":0,"comment_status":"open","ping_status":"closed","sticky":false,"template":"","format":"standard","meta":{"_bbp_topic_count":0,"_bbp_reply_count":0,"_bbp_total_topic_count":0,"_bbp_total_reply_count":0,"_bbp_voice_count":0,"_bbp_anonymous_reply_count":0,"_bbp_topic_count_hidden":0,"_bbp_reply_count_hidden":0,"_bbp_forum_subforum_count":0,"footnotes":""},"categories":[14,59,2,4],"tags":[],"class_list":["post-6406","post","type-post","status-publish","format-standard","hentry","category-ei1-ei2","category-primer-cicle-ed-infantil","category-infantil","category-portada"],"post_mailing_queue_ids":[],"_links":{"self":[{"href":"https:\/\/agora.xtec.cat\/escolamestralvilanova\/wp-json\/wp\/v2\/posts\/6406","targetHints":{"allow":["GET"]}}],"collection":[{"href":"https:\/\/agora.xtec.cat\/escolamestralvilanova\/wp-json\/wp\/v2\/posts"}],"about":[{"href":"https:\/\/agora.xtec.cat\/escolamestralvilanova\/wp-json\/wp\/v2\/types\/post"}],"author":[{"embeddable":true,"href":"https:\/\/agora.xtec.cat\/escolamestralvilanova\/wp-json\/wp\/v2\/users\/1"}],"replies":[{"embeddable":true,"href":"https:\/\/agora.xtec.cat\/escolamestralvilanova\/wp-json\/wp\/v2\/comments?post=6406"}],"version-history":[{"count":1,"href":"https:\/\/agora.xtec.cat\/escolamestralvilanova\/wp-json\/wp\/v2\/posts\/6406\/revisions"}],"predecessor-version":[{"id":6408,"href":"https:\/\/agora.xtec.cat\/escolamestralvilanova\/wp-json\/wp\/v2\/posts\/6406\/revisions\/6408"}],"wp:attachment":[{"href":"https:\/\/agora.xtec.cat\/escolamestralvilanova\/wp-json\/wp\/v2\/media?parent=6406"}],"wp:term":[{"taxonomy":"category","embeddable":true,"href":"https:\/\/agora.xtec.cat\/escolamestralvilanova\/wp-json\/wp\/v2\/categories?post=6406"},{"taxonomy":"post_tag","embeddable":true,"href":"https:\/\/agora.xtec.cat\/escolamestralvilanova\/wp-json\/wp\/v2\/tags?post=6406"}],"curies":[{"name":"wp","href":"https:\/\/api.w.org\/{rel}","templated":true}]}}