{"id":6403,"date":"2022-01-21T17:13:23","date_gmt":"2022-01-21T16:13:23","guid":{"rendered":"https:\/\/agora.xtec.cat\/escolamestralvilanova\/?p=6403"},"modified":"2022-01-21T17:13:32","modified_gmt":"2022-01-21T16:13:32","slug":"de-quin-color-es-un-peto","status":"publish","type":"post","link":"https:\/\/agora.xtec.cat\/escolamestralvilanova\/infantil\/de-quin-color-es-un-peto\/","title":{"rendered":"DE QUIN COLOR \u00c9S UN PET\u00d3?"},"content":{"rendered":"<p dir=\"ltr\" style=\"text-align: justify;\">Durant aquests dies de gener, els nens i nenes de EI3 i EI4 hem estat treballant el conte &#8220;De quin color \u00e9s un pet\u00f3?&#8221;<\/p>\n<div dir=\"ltr\">\n<p style=\"text-align: justify;\">Hem conegut la hist\u00f2ria de la Minimoni, una nena a la que li agrada molt anar amb bicicleta, les orenetes, regar les plantes i sobretot pintar. Hem parlat del qu\u00e8 m\u00e9s ens agrada fer a nosaltres, de en quins moments donem petons&#8230; i de si els petons s\u00f3n de colors. Ens n&#8217;hem adonat que els petons poden ser de TOTS ELS COLORS encara que no es vegin. Poden ser grocs com el girasol, blancs com la lluna, verds com un cocodril&#8230;<\/p>\n<p style=\"text-align: justify;\">\u00a0I cada nen i nena hem escollit el color del nostre pet\u00f3!<\/p>\n<p style=\"text-align: justify;\">La Minimoni al conte representa els colors amb forma de cor&#8230;per\u00f2 de quina forma \u00e9s un pet\u00f3? Hem conegut el quadrat, el triangle i el cercle. Hem parlat dels costats que t\u00e9 cada figura i hem fet una activitat d&#8217;associaci\u00f3 a trav\u00e9s d&#8217;un joc.<\/p>\n<ul>\n<li><a href=\"https:\/\/photos.app.goo.gl\/gxURztfkFxJJid2M6\">ENLLA\u00c7 A LES FOTOGRAFIES<\/a><\/li>\n<\/ul>\n<p><a href=\"https:\/\/photos.app.goo.gl\/gxURztfkFxJJid2M6\"><img loading=\"lazy\" decoding=\"async\" class=\"alignnone size-medium wp-image-6404\" src=\"https:\/\/agora.xtec.cat\/escolamestralvilanova\/wp-content\/uploads\/usu729\/2022\/01\/IMG_20220114_100201-300x225.jpg\" alt=\"\" width=\"300\" height=\"225\" srcset=\"https:\/\/agora.xtec.cat\/escolamestralvilanova\/wp-content\/uploads\/usu729\/2022\/01\/IMG_20220114_100201-300x225.jpg 300w, https:\/\/agora.xtec.cat\/escolamestralvilanova\/wp-content\/uploads\/usu729\/2022\/01\/IMG_20220114_100201-768x577.jpg 768w, https:\/\/agora.xtec.cat\/escolamestralvilanova\/wp-content\/uploads\/usu729\/2022\/01\/IMG_20220114_100201-200x150.jpg 200w, https:\/\/agora.xtec.cat\/escolamestralvilanova\/wp-content\/uploads\/usu729\/2022\/01\/IMG_20220114_100201.jpg 1000w\" sizes=\"auto, (max-width: 300px) 100vw, 300px\" \/><\/a><\/p>\n<\/div>\n","protected":false},"excerpt":{"rendered":"<p>Durant aquests dies de gener, els nens i nenes de EI3 i EI4 hem estat treballant el conte &#8220;De quin color \u00e9s un pet\u00f3?&#8221;<\/p>\n<p>Hem conegut la hist\u00f2ria de la Minimoni, una nena a la que li agrada molt anar amb bicicleta, les orenetes, regar les&hellip;  <a href=\"https:\/\/agora.xtec.cat\/escolamestralvilanova\/infantil\/de-quin-color-es-un-peto\/\" title=\"Read DE QUIN COLOR \u00c9S UN PET\u00d3?\">Llegeix m\u00e9s\u00bb<\/a><\/p>\n","protected":false},"author":1,"featured_media":0,"comment_status":"open","ping_status":"closed","sticky":false,"template":"","format":"standard","meta":{"_bbp_topic_count":0,"_bbp_reply_count":0,"_bbp_total_topic_count":0,"_bbp_total_reply_count":0,"_bbp_voice_count":0,"_bbp_anonymous_reply_count":0,"_bbp_topic_count_hidden":0,"_bbp_reply_count_hidden":0,"_bbp_forum_subforum_count":0,"footnotes":""},"categories":[3,8,2,4],"tags":[],"class_list":["post-6403","post","type-post","status-publish","format-standard","hentry","category-ei3-ei4-ei5","category-ei4","category-infantil","category-portada"],"post_mailing_queue_ids":[],"_links":{"self":[{"href":"https:\/\/agora.xtec.cat\/escolamestralvilanova\/wp-json\/wp\/v2\/posts\/6403","targetHints":{"allow":["GET"]}}],"collection":[{"href":"https:\/\/agora.xtec.cat\/escolamestralvilanova\/wp-json\/wp\/v2\/posts"}],"about":[{"href":"https:\/\/agora.xtec.cat\/escolamestralvilanova\/wp-json\/wp\/v2\/types\/post"}],"author":[{"embeddable":true,"href":"https:\/\/agora.xtec.cat\/escolamestralvilanova\/wp-json\/wp\/v2\/users\/1"}],"replies":[{"embeddable":true,"href":"https:\/\/agora.xtec.cat\/escolamestralvilanova\/wp-json\/wp\/v2\/comments?post=6403"}],"version-history":[{"count":1,"href":"https:\/\/agora.xtec.cat\/escolamestralvilanova\/wp-json\/wp\/v2\/posts\/6403\/revisions"}],"predecessor-version":[{"id":6405,"href":"https:\/\/agora.xtec.cat\/escolamestralvilanova\/wp-json\/wp\/v2\/posts\/6403\/revisions\/6405"}],"wp:attachment":[{"href":"https:\/\/agora.xtec.cat\/escolamestralvilanova\/wp-json\/wp\/v2\/media?parent=6403"}],"wp:term":[{"taxonomy":"category","embeddable":true,"href":"https:\/\/agora.xtec.cat\/escolamestralvilanova\/wp-json\/wp\/v2\/categories?post=6403"},{"taxonomy":"post_tag","embeddable":true,"href":"https:\/\/agora.xtec.cat\/escolamestralvilanova\/wp-json\/wp\/v2\/tags?post=6403"}],"curies":[{"name":"wp","href":"https:\/\/api.w.org\/{rel}","templated":true}]}}