{"id":6360,"date":"2022-01-10T09:00:05","date_gmt":"2022-01-10T08:00:05","guid":{"rendered":"https:\/\/agora.xtec.cat\/escolamestralvilanova\/?p=6360"},"modified":"2022-01-04T11:53:43","modified_gmt":"2022-01-04T10:53:43","slug":"moltes-gracies-magda","status":"publish","type":"post","link":"https:\/\/agora.xtec.cat\/escolamestralvilanova\/portada\/moltes-gracies-magda\/","title":{"rendered":"MOLTES GR\u00c0CIES MAGDA!"},"content":{"rendered":"<p>El passat 22 de desembre va concloure el primer trimestre, per\u00f2 tamb\u00e9 va ser l&#8217;\u00faltim dia de la Magda, despr\u00e9s d&#8217;anys exercint de mestra i passats els darrers cursos a la nostra escola, ha iniciat una nova etapa, la jubilaci\u00f3.<\/p>\n<p>Per aquest motiu, tota la comunitat educativa de l&#8217;escola ens vam voler acomiadar d&#8217;ella i li vam desitjar el millor en aquesta nova etapa que inicia.<\/p>\n<p>Moltes gr\u00e0cies MAGDA!<\/p>\n<p><img loading=\"lazy\" decoding=\"async\" class=\"alignnone wp-image-6362 size-medium\" src=\"https:\/\/agora.xtec.cat\/escolamestralvilanova\/wp-content\/uploads\/usu729\/2022\/01\/IMG_5645-scaled-e1641293392431-153x300.jpeg\" alt=\"\" width=\"153\" height=\"300\" srcset=\"https:\/\/agora.xtec.cat\/escolamestralvilanova\/wp-content\/uploads\/usu729\/2022\/01\/IMG_5645-scaled-e1641293392431-153x300.jpeg 153w, https:\/\/agora.xtec.cat\/escolamestralvilanova\/wp-content\/uploads\/usu729\/2022\/01\/IMG_5645-scaled-e1641293392431-522x1024.jpeg 522w, https:\/\/agora.xtec.cat\/escolamestralvilanova\/wp-content\/uploads\/usu729\/2022\/01\/IMG_5645-scaled-e1641293392431-768x1507.jpeg 768w, https:\/\/agora.xtec.cat\/escolamestralvilanova\/wp-content\/uploads\/usu729\/2022\/01\/IMG_5645-scaled-e1641293392431-783x1536.jpeg 783w, https:\/\/agora.xtec.cat\/escolamestralvilanova\/wp-content\/uploads\/usu729\/2022\/01\/IMG_5645-scaled-e1641293392431-1044x2048.jpeg 1044w, https:\/\/agora.xtec.cat\/escolamestralvilanova\/wp-content\/uploads\/usu729\/2022\/01\/IMG_5645-scaled-e1641293392431.jpeg 1177w\" sizes=\"auto, (max-width: 153px) 100vw, 153px\" \/><\/p>\n","protected":false},"excerpt":{"rendered":"<p>El passat 22 de desembre va concloure el primer trimestre, per\u00f2 tamb\u00e9 va ser l&#8217;\u00faltim dia de la Magda, despr\u00e9s d&#8217;anys exercint de mestra i passats els darrers cursos a la nostra escola, ha iniciat una nova etapa, la jubilaci\u00f3.<br \/>\nPer aquest motiu, tota la comunitat&hellip;  <a href=\"https:\/\/agora.xtec.cat\/escolamestralvilanova\/portada\/moltes-gracies-magda\/\" title=\"Read MOLTES GR\u00c0CIES MAGDA!\">Llegeix m\u00e9s\u00bb<\/a><\/p>\n","protected":false},"author":1,"featured_media":0,"comment_status":"open","ping_status":"closed","sticky":false,"template":"","format":"standard","meta":{"_bbp_topic_count":0,"_bbp_reply_count":0,"_bbp_total_topic_count":0,"_bbp_total_reply_count":0,"_bbp_voice_count":0,"_bbp_anonymous_reply_count":0,"_bbp_topic_count_hidden":0,"_bbp_reply_count_hidden":0,"_bbp_forum_subforum_count":0,"footnotes":""},"categories":[4],"tags":[],"class_list":["post-6360","post","type-post","status-publish","format-standard","hentry","category-portada"],"post_mailing_queue_ids":[],"_links":{"self":[{"href":"https:\/\/agora.xtec.cat\/escolamestralvilanova\/wp-json\/wp\/v2\/posts\/6360","targetHints":{"allow":["GET"]}}],"collection":[{"href":"https:\/\/agora.xtec.cat\/escolamestralvilanova\/wp-json\/wp\/v2\/posts"}],"about":[{"href":"https:\/\/agora.xtec.cat\/escolamestralvilanova\/wp-json\/wp\/v2\/types\/post"}],"author":[{"embeddable":true,"href":"https:\/\/agora.xtec.cat\/escolamestralvilanova\/wp-json\/wp\/v2\/users\/1"}],"replies":[{"embeddable":true,"href":"https:\/\/agora.xtec.cat\/escolamestralvilanova\/wp-json\/wp\/v2\/comments?post=6360"}],"version-history":[{"count":1,"href":"https:\/\/agora.xtec.cat\/escolamestralvilanova\/wp-json\/wp\/v2\/posts\/6360\/revisions"}],"predecessor-version":[{"id":6363,"href":"https:\/\/agora.xtec.cat\/escolamestralvilanova\/wp-json\/wp\/v2\/posts\/6360\/revisions\/6363"}],"wp:attachment":[{"href":"https:\/\/agora.xtec.cat\/escolamestralvilanova\/wp-json\/wp\/v2\/media?parent=6360"}],"wp:term":[{"taxonomy":"category","embeddable":true,"href":"https:\/\/agora.xtec.cat\/escolamestralvilanova\/wp-json\/wp\/v2\/categories?post=6360"},{"taxonomy":"post_tag","embeddable":true,"href":"https:\/\/agora.xtec.cat\/escolamestralvilanova\/wp-json\/wp\/v2\/tags?post=6360"}],"curies":[{"name":"wp","href":"https:\/\/api.w.org\/{rel}","templated":true}]}}