{"id":6337,"date":"2021-12-16T18:46:23","date_gmt":"2021-12-16T17:46:23","guid":{"rendered":"https:\/\/agora.xtec.cat\/escolamestralvilanova\/?p=6337"},"modified":"2021-12-17T18:47:43","modified_gmt":"2021-12-17T17:47:43","slug":"llums-de-nadal","status":"publish","type":"post","link":"https:\/\/agora.xtec.cat\/escolamestralvilanova\/infantil\/llums-de-nadal\/","title":{"rendered":"LLUMS DE NADAL"},"content":{"rendered":"<p>Aquest mat\u00ed hem estat experimentant amb la m\u00e0gia d&#8217;aquesta \u00e8poca de l&#8217;any. A les fosques i amb llums de colors, hem jugat amb elles i amb altres elements nadalencs: boles, estrelles, etc. Ens ha encantat! <img decoding=\"async\" class=\"an1\" src=\"https:\/\/fonts.gstatic.com\/s\/e\/notoemoji\/14.0\/1f384\/32.png\" alt=\"\ud83c\udf84\" data-emoji=\"\ud83c\udf84\" aria-label=\"\ud83c\udf84\" \/><img decoding=\"async\" class=\"an1\" src=\"https:\/\/fonts.gstatic.com\/s\/e\/notoemoji\/14.0\/2728\/32.png\" alt=\"\u2728\" data-emoji=\"\u2728\" aria-label=\"\u2728\" \/><\/p>\n<ul>\n<li><a href=\"https:\/\/photos.app.goo.gl\/SYyVgohoQkJN9gee9\">ENLLA\u00c7 A LES FOTOGRAFIES<\/a><\/li>\n<\/ul>\n<p><a href=\"https:\/\/photos.app.goo.gl\/SYyVgohoQkJN9gee9\"><img loading=\"lazy\" decoding=\"async\" class=\"alignnone size-medium wp-image-6338\" src=\"https:\/\/agora.xtec.cat\/escolamestralvilanova\/wp-content\/uploads\/usu729\/2021\/12\/PHOTO-2021-12-16-15-54-07-300x300.jpg\" alt=\"\" width=\"300\" height=\"300\" srcset=\"https:\/\/agora.xtec.cat\/escolamestralvilanova\/wp-content\/uploads\/usu729\/2021\/12\/PHOTO-2021-12-16-15-54-07-300x300.jpg 300w, https:\/\/agora.xtec.cat\/escolamestralvilanova\/wp-content\/uploads\/usu729\/2021\/12\/PHOTO-2021-12-16-15-54-07-1024x1024.jpg 1024w, https:\/\/agora.xtec.cat\/escolamestralvilanova\/wp-content\/uploads\/usu729\/2021\/12\/PHOTO-2021-12-16-15-54-07-150x150.jpg 150w, https:\/\/agora.xtec.cat\/escolamestralvilanova\/wp-content\/uploads\/usu729\/2021\/12\/PHOTO-2021-12-16-15-54-07-768x768.jpg 768w, https:\/\/agora.xtec.cat\/escolamestralvilanova\/wp-content\/uploads\/usu729\/2021\/12\/PHOTO-2021-12-16-15-54-07-1536x1536.jpg 1536w, https:\/\/agora.xtec.cat\/escolamestralvilanova\/wp-content\/uploads\/usu729\/2021\/12\/PHOTO-2021-12-16-15-54-07.jpg 1600w\" sizes=\"auto, (max-width: 300px) 100vw, 300px\" \/><\/a><\/p>\n<div class=\"yj6qo\"><\/div>\n","protected":false},"excerpt":{"rendered":"<p>Aquest mat\u00ed hem estat experimentant amb la m\u00e0gia d&#8217;aquesta \u00e8poca de l&#8217;any. A les fosques i amb llums de colors, hem jugat amb elles i amb altres elements nadalencs: boles, estrelles, etc. Ens ha encantat! <\/p>\n<ul>\n<li><a href=\"https:\/\/photos.app.goo.gl\/SYyVgohoQkJN9gee9\">ENLLA\u00c7 A LES FOTOGRAFIES<\/a><\/li>\n<\/ul>\n<p><a href=\"https:\/\/photos.app.goo.gl\/SYyVgohoQkJN9gee9\"><\/a><\/p>\n","protected":false},"author":1,"featured_media":0,"comment_status":"open","ping_status":"closed","sticky":false,"template":"","format":"standard","meta":{"_bbp_topic_count":0,"_bbp_reply_count":0,"_bbp_total_topic_count":0,"_bbp_total_reply_count":0,"_bbp_voice_count":0,"_bbp_anonymous_reply_count":0,"_bbp_topic_count_hidden":0,"_bbp_reply_count_hidden":0,"_bbp_forum_subforum_count":0,"footnotes":""},"categories":[14,59,2,4],"tags":[],"class_list":["post-6337","post","type-post","status-publish","format-standard","hentry","category-ei1-ei2","category-primer-cicle-ed-infantil","category-infantil","category-portada"],"post_mailing_queue_ids":[],"_links":{"self":[{"href":"https:\/\/agora.xtec.cat\/escolamestralvilanova\/wp-json\/wp\/v2\/posts\/6337","targetHints":{"allow":["GET"]}}],"collection":[{"href":"https:\/\/agora.xtec.cat\/escolamestralvilanova\/wp-json\/wp\/v2\/posts"}],"about":[{"href":"https:\/\/agora.xtec.cat\/escolamestralvilanova\/wp-json\/wp\/v2\/types\/post"}],"author":[{"embeddable":true,"href":"https:\/\/agora.xtec.cat\/escolamestralvilanova\/wp-json\/wp\/v2\/users\/1"}],"replies":[{"embeddable":true,"href":"https:\/\/agora.xtec.cat\/escolamestralvilanova\/wp-json\/wp\/v2\/comments?post=6337"}],"version-history":[{"count":1,"href":"https:\/\/agora.xtec.cat\/escolamestralvilanova\/wp-json\/wp\/v2\/posts\/6337\/revisions"}],"predecessor-version":[{"id":6339,"href":"https:\/\/agora.xtec.cat\/escolamestralvilanova\/wp-json\/wp\/v2\/posts\/6337\/revisions\/6339"}],"wp:attachment":[{"href":"https:\/\/agora.xtec.cat\/escolamestralvilanova\/wp-json\/wp\/v2\/media?parent=6337"}],"wp:term":[{"taxonomy":"category","embeddable":true,"href":"https:\/\/agora.xtec.cat\/escolamestralvilanova\/wp-json\/wp\/v2\/categories?post=6337"},{"taxonomy":"post_tag","embeddable":true,"href":"https:\/\/agora.xtec.cat\/escolamestralvilanova\/wp-json\/wp\/v2\/tags?post=6337"}],"curies":[{"name":"wp","href":"https:\/\/api.w.org\/{rel}","templated":true}]}}