{"id":6334,"date":"2021-12-15T16:44:11","date_gmt":"2021-12-15T15:44:11","guid":{"rendered":"https:\/\/agora.xtec.cat\/escolamestralvilanova\/?p=6334"},"modified":"2021-12-15T16:44:15","modified_gmt":"2021-12-15T15:44:15","slug":"transports-de-cartro","status":"publish","type":"post","link":"https:\/\/agora.xtec.cat\/escolamestralvilanova\/infantil\/transports-de-cartro\/","title":{"rendered":"TRANSPORTS DE CARTR\u00d3"},"content":{"rendered":"<p>Aquest mat\u00ed els infants de l&#8217;escoleta hem representat l&#8217;obra que treballem tota l&#8217;escoleta: &#8221; La Volta al M\u00f3n en 80 dies&#8221;, jugant amb els transports que hi surten, fets amb cartr\u00f3. Hem pujat dins d&#8217;un tren, un vaixell, un trineu i un elefant!!<br \/>\nQue b\u00e9 ens ho hem passat!!<\/p>\n<ul>\n<li><a href=\"https:\/\/photos.app.goo.gl\/5cNczySd11eQ8MfFA\">ENLLA\u00c7 A LES FOTOGRAFIES<\/a><\/li>\n<\/ul>\n<p><a href=\"https:\/\/photos.app.goo.gl\/5cNczySd11eQ8MfFA\"><img loading=\"lazy\" decoding=\"async\" class=\"alignnone size-medium wp-image-6335\" src=\"https:\/\/agora.xtec.cat\/escolamestralvilanova\/wp-content\/uploads\/usu729\/2021\/12\/PHOTO-2021-12-15-15-49-55-300x169.jpg\" alt=\"\" width=\"300\" height=\"169\" srcset=\"https:\/\/agora.xtec.cat\/escolamestralvilanova\/wp-content\/uploads\/usu729\/2021\/12\/PHOTO-2021-12-15-15-49-55-300x169.jpg 300w, https:\/\/agora.xtec.cat\/escolamestralvilanova\/wp-content\/uploads\/usu729\/2021\/12\/PHOTO-2021-12-15-15-49-55-1024x576.jpg 1024w, https:\/\/agora.xtec.cat\/escolamestralvilanova\/wp-content\/uploads\/usu729\/2021\/12\/PHOTO-2021-12-15-15-49-55-768x432.jpg 768w, https:\/\/agora.xtec.cat\/escolamestralvilanova\/wp-content\/uploads\/usu729\/2021\/12\/PHOTO-2021-12-15-15-49-55.jpg 1296w\" sizes=\"auto, (max-width: 300px) 100vw, 300px\" \/><\/a><\/p>\n","protected":false},"excerpt":{"rendered":"<p>Aquest mat\u00ed els infants de l&#8217;escoleta hem representat l&#8217;obra que treballem tota l&#8217;escoleta: &#8221; La Volta al M\u00f3n en 80 dies&#8221;, jugant amb els transports que hi surten, fets amb cartr\u00f3. Hem pujat dins d&#8217;un tren, un vaixell, un trineu i un elefant!!<br \/>\nQue b\u00e9 ens&hellip;  <a href=\"https:\/\/agora.xtec.cat\/escolamestralvilanova\/infantil\/transports-de-cartro\/\" title=\"Read TRANSPORTS DE CARTR\u00d3\">Llegeix m\u00e9s\u00bb<\/a><\/p>\n","protected":false},"author":1,"featured_media":0,"comment_status":"open","ping_status":"closed","sticky":false,"template":"","format":"standard","meta":{"_bbp_topic_count":0,"_bbp_reply_count":0,"_bbp_total_topic_count":0,"_bbp_total_reply_count":0,"_bbp_voice_count":0,"_bbp_anonymous_reply_count":0,"_bbp_topic_count_hidden":0,"_bbp_reply_count_hidden":0,"_bbp_forum_subforum_count":0,"footnotes":""},"categories":[14,2,4],"tags":[],"class_list":["post-6334","post","type-post","status-publish","format-standard","hentry","category-ei1-ei2","category-infantil","category-portada"],"post_mailing_queue_ids":[],"_links":{"self":[{"href":"https:\/\/agora.xtec.cat\/escolamestralvilanova\/wp-json\/wp\/v2\/posts\/6334","targetHints":{"allow":["GET"]}}],"collection":[{"href":"https:\/\/agora.xtec.cat\/escolamestralvilanova\/wp-json\/wp\/v2\/posts"}],"about":[{"href":"https:\/\/agora.xtec.cat\/escolamestralvilanova\/wp-json\/wp\/v2\/types\/post"}],"author":[{"embeddable":true,"href":"https:\/\/agora.xtec.cat\/escolamestralvilanova\/wp-json\/wp\/v2\/users\/1"}],"replies":[{"embeddable":true,"href":"https:\/\/agora.xtec.cat\/escolamestralvilanova\/wp-json\/wp\/v2\/comments?post=6334"}],"version-history":[{"count":1,"href":"https:\/\/agora.xtec.cat\/escolamestralvilanova\/wp-json\/wp\/v2\/posts\/6334\/revisions"}],"predecessor-version":[{"id":6336,"href":"https:\/\/agora.xtec.cat\/escolamestralvilanova\/wp-json\/wp\/v2\/posts\/6334\/revisions\/6336"}],"wp:attachment":[{"href":"https:\/\/agora.xtec.cat\/escolamestralvilanova\/wp-json\/wp\/v2\/media?parent=6334"}],"wp:term":[{"taxonomy":"category","embeddable":true,"href":"https:\/\/agora.xtec.cat\/escolamestralvilanova\/wp-json\/wp\/v2\/categories?post=6334"},{"taxonomy":"post_tag","embeddable":true,"href":"https:\/\/agora.xtec.cat\/escolamestralvilanova\/wp-json\/wp\/v2\/tags?post=6334"}],"curies":[{"name":"wp","href":"https:\/\/api.w.org\/{rel}","templated":true}]}}