{"id":6328,"date":"2021-12-14T09:00:35","date_gmt":"2021-12-14T08:00:35","guid":{"rendered":"https:\/\/agora.xtec.cat\/escolamestralvilanova\/?p=6328"},"modified":"2021-12-13T16:51:27","modified_gmt":"2021-12-13T15:51:27","slug":"arriba-el-tio-a-lescoleta","status":"publish","type":"post","link":"https:\/\/agora.xtec.cat\/escolamestralvilanova\/infantil\/arriba-el-tio-a-lescoleta\/","title":{"rendered":"ARRIBA EL TI\u00d3 A L&#8217;ESCOLETA"},"content":{"rendered":"<div dir=\"auto\">\n<p dir=\"auto\" style=\"text-align: justify;\">Aquest mat\u00ed tots els nens de l&#8217;Escoleta, ens hem trobat una carta del ti\u00f3! En ella ens ha escrit que s&#8217;havia perdut venint i que ens ha deixat unes PISTES pel cam\u00ed, per tal de trobar-lo m\u00e9s aviat. Aleshores pel cam\u00ed, hem anat trobant fletxes, que ens anaven indicant on es trobava! Finalment&#8230;hem trobat dos tions a l&#8217;hort!! Quina il\u00b7lusi\u00f3 ens ha fet a tots\/es!<img decoding=\"async\" class=\"an1\" src=\"https:\/\/fonts.gstatic.com\/s\/e\/notoemoji\/14.0\/263a_fe0f\/32.png\" alt=\"\u263a\ufe0f\" data-emoji=\"\u263a\ufe0f\" aria-label=\"\u263a\ufe0f\" \/><\/p>\n<p dir=\"auto\" style=\"text-align: justify;\">L&#8217;hem entrat a l&#8217;aula, li hem preparat un raco ben calentet tapat amb una manta i li hem donat menjar. El cuidarem de valent!<img decoding=\"async\" class=\"an1\" src=\"https:\/\/fonts.gstatic.com\/s\/e\/notoemoji\/14.0\/2728\/32.png\" alt=\"\u2728\" data-emoji=\"\u2728\" aria-label=\"\u2728\" \/><\/p>\n<ul>\n<li dir=\"auto\"><a href=\"https:\/\/photos.app.goo.gl\/nx6oLHma86tQyUnM6\">ENLLA\u00c7 A LES FOTOGRAFIES<\/a><\/li>\n<\/ul>\n<p><a href=\"https:\/\/photos.app.goo.gl\/nx6oLHma86tQyUnM6\"><img loading=\"lazy\" decoding=\"async\" class=\"alignnone size-medium wp-image-6329\" src=\"https:\/\/agora.xtec.cat\/escolamestralvilanova\/wp-content\/uploads\/usu729\/2021\/12\/20211213_114515-300x225.jpg\" alt=\"\" width=\"300\" height=\"225\" srcset=\"https:\/\/agora.xtec.cat\/escolamestralvilanova\/wp-content\/uploads\/usu729\/2021\/12\/20211213_114515-300x225.jpg 300w, https:\/\/agora.xtec.cat\/escolamestralvilanova\/wp-content\/uploads\/usu729\/2021\/12\/20211213_114515-200x150.jpg 200w, https:\/\/agora.xtec.cat\/escolamestralvilanova\/wp-content\/uploads\/usu729\/2021\/12\/20211213_114515.jpg 640w\" sizes=\"auto, (max-width: 300px) 100vw, 300px\" \/><\/a><\/p>\n<\/div>\n<div dir=\"auto\"><\/div>\n","protected":false},"excerpt":{"rendered":"<p>Aquest mat\u00ed tots els nens de l&#8217;Escoleta, ens hem trobat una carta del ti\u00f3! En ella ens ha escrit que s&#8217;havia perdut venint i que ens ha deixat unes PISTES pel cam\u00ed, per tal de trobar-lo m\u00e9s aviat. Aleshores pel cam\u00ed, hem anat trobant fletxes,&hellip;  <a href=\"https:\/\/agora.xtec.cat\/escolamestralvilanova\/infantil\/arriba-el-tio-a-lescoleta\/\" title=\"Read ARRIBA EL TI\u00d3 A L&#8217;ESCOLETA\">Llegeix m\u00e9s\u00bb<\/a><\/p>\n","protected":false},"author":1,"featured_media":0,"comment_status":"open","ping_status":"closed","sticky":false,"template":"","format":"standard","meta":{"_bbp_topic_count":0,"_bbp_reply_count":0,"_bbp_total_topic_count":0,"_bbp_total_reply_count":0,"_bbp_voice_count":0,"_bbp_anonymous_reply_count":0,"_bbp_topic_count_hidden":0,"_bbp_reply_count_hidden":0,"_bbp_forum_subforum_count":0,"footnotes":""},"categories":[14,59,2,4],"tags":[],"class_list":["post-6328","post","type-post","status-publish","format-standard","hentry","category-ei1-ei2","category-primer-cicle-ed-infantil","category-infantil","category-portada"],"post_mailing_queue_ids":[],"_links":{"self":[{"href":"https:\/\/agora.xtec.cat\/escolamestralvilanova\/wp-json\/wp\/v2\/posts\/6328","targetHints":{"allow":["GET"]}}],"collection":[{"href":"https:\/\/agora.xtec.cat\/escolamestralvilanova\/wp-json\/wp\/v2\/posts"}],"about":[{"href":"https:\/\/agora.xtec.cat\/escolamestralvilanova\/wp-json\/wp\/v2\/types\/post"}],"author":[{"embeddable":true,"href":"https:\/\/agora.xtec.cat\/escolamestralvilanova\/wp-json\/wp\/v2\/users\/1"}],"replies":[{"embeddable":true,"href":"https:\/\/agora.xtec.cat\/escolamestralvilanova\/wp-json\/wp\/v2\/comments?post=6328"}],"version-history":[{"count":1,"href":"https:\/\/agora.xtec.cat\/escolamestralvilanova\/wp-json\/wp\/v2\/posts\/6328\/revisions"}],"predecessor-version":[{"id":6330,"href":"https:\/\/agora.xtec.cat\/escolamestralvilanova\/wp-json\/wp\/v2\/posts\/6328\/revisions\/6330"}],"wp:attachment":[{"href":"https:\/\/agora.xtec.cat\/escolamestralvilanova\/wp-json\/wp\/v2\/media?parent=6328"}],"wp:term":[{"taxonomy":"category","embeddable":true,"href":"https:\/\/agora.xtec.cat\/escolamestralvilanova\/wp-json\/wp\/v2\/categories?post=6328"},{"taxonomy":"post_tag","embeddable":true,"href":"https:\/\/agora.xtec.cat\/escolamestralvilanova\/wp-json\/wp\/v2\/tags?post=6328"}],"curies":[{"name":"wp","href":"https:\/\/api.w.org\/{rel}","templated":true}]}}