{"id":6322,"date":"2021-12-10T09:22:55","date_gmt":"2021-12-10T08:22:55","guid":{"rendered":"https:\/\/agora.xtec.cat\/escolamestralvilanova\/?p=6322"},"modified":"2021-12-10T09:23:00","modified_gmt":"2021-12-10T08:23:00","slug":"men-contes-un-de-ciencia","status":"publish","type":"post","link":"https:\/\/agora.xtec.cat\/escolamestralvilanova\/portada\/men-contes-un-de-ciencia\/","title":{"rendered":"ME&#8217;N CONTES UN DE CI\u00c8NCIA?"},"content":{"rendered":"<p style=\"text-align: justify;\">Aquestes darreres setmanes, els alumnes de cicle superior hem estat treballant a tallers l&#8217;escriptura de contes breus amb tem\u00e0tica cient\u00edfica. A m\u00e9s a m\u00e9s, hem presentat els nostres textos al concurs de relats breus que organitza la UdL en el marc de la setmana de la ci\u00e8ncia.<\/p>\n<p>Participar ha sigut tot un repte!<\/p>\n<p><a href=\"https:\/\/agora.xtec.cat\/escolamestralvilanova\/wp-content\/uploads\/usu729\/2021\/12\/cartell-contes-ciencia.jpg\"><img loading=\"lazy\" decoding=\"async\" class=\"alignnone wp-image-6323 size-medium\" src=\"https:\/\/agora.xtec.cat\/escolamestralvilanova\/wp-content\/uploads\/usu729\/2021\/12\/cartell-contes-ciencia-210x300.jpg\" alt=\"\" width=\"210\" height=\"300\" srcset=\"https:\/\/agora.xtec.cat\/escolamestralvilanova\/wp-content\/uploads\/usu729\/2021\/12\/cartell-contes-ciencia-210x300.jpg 210w, https:\/\/agora.xtec.cat\/escolamestralvilanova\/wp-content\/uploads\/usu729\/2021\/12\/cartell-contes-ciencia.jpg 718w\" sizes=\"auto, (max-width: 210px) 100vw, 210px\" \/><\/a><\/p>\n","protected":false},"excerpt":{"rendered":"<p>Aquestes darreres setmanes, els alumnes de cicle superior hem estat treballant a tallers l&#8217;escriptura de contes breus amb tem\u00e0tica cient\u00edfica. A m\u00e9s a m\u00e9s, hem presentat els nostres textos al concurs de relats breus que organitza la UdL en el marc de la setmana de&hellip;  <a href=\"https:\/\/agora.xtec.cat\/escolamestralvilanova\/portada\/men-contes-un-de-ciencia\/\" title=\"Read ME&#8217;N CONTES UN DE CI\u00c8NCIA?\">Llegeix m\u00e9s\u00bb<\/a><\/p>\n","protected":false},"author":1,"featured_media":0,"comment_status":"open","ping_status":"closed","sticky":false,"template":"","format":"standard","meta":{"_bbp_topic_count":0,"_bbp_reply_count":0,"_bbp_total_topic_count":0,"_bbp_total_reply_count":0,"_bbp_voice_count":0,"_bbp_anonymous_reply_count":0,"_bbp_topic_count_hidden":0,"_bbp_reply_count_hidden":0,"_bbp_forum_subforum_count":0,"footnotes":""},"categories":[13,15,4,5],"tags":[],"class_list":["post-6322","post","type-post","status-publish","format-standard","hentry","category-cinque","category-cicle-superior","category-portada","category-primaria"],"post_mailing_queue_ids":[],"_links":{"self":[{"href":"https:\/\/agora.xtec.cat\/escolamestralvilanova\/wp-json\/wp\/v2\/posts\/6322","targetHints":{"allow":["GET"]}}],"collection":[{"href":"https:\/\/agora.xtec.cat\/escolamestralvilanova\/wp-json\/wp\/v2\/posts"}],"about":[{"href":"https:\/\/agora.xtec.cat\/escolamestralvilanova\/wp-json\/wp\/v2\/types\/post"}],"author":[{"embeddable":true,"href":"https:\/\/agora.xtec.cat\/escolamestralvilanova\/wp-json\/wp\/v2\/users\/1"}],"replies":[{"embeddable":true,"href":"https:\/\/agora.xtec.cat\/escolamestralvilanova\/wp-json\/wp\/v2\/comments?post=6322"}],"version-history":[{"count":1,"href":"https:\/\/agora.xtec.cat\/escolamestralvilanova\/wp-json\/wp\/v2\/posts\/6322\/revisions"}],"predecessor-version":[{"id":6324,"href":"https:\/\/agora.xtec.cat\/escolamestralvilanova\/wp-json\/wp\/v2\/posts\/6322\/revisions\/6324"}],"wp:attachment":[{"href":"https:\/\/agora.xtec.cat\/escolamestralvilanova\/wp-json\/wp\/v2\/media?parent=6322"}],"wp:term":[{"taxonomy":"category","embeddable":true,"href":"https:\/\/agora.xtec.cat\/escolamestralvilanova\/wp-json\/wp\/v2\/categories?post=6322"},{"taxonomy":"post_tag","embeddable":true,"href":"https:\/\/agora.xtec.cat\/escolamestralvilanova\/wp-json\/wp\/v2\/tags?post=6322"}],"curies":[{"name":"wp","href":"https:\/\/api.w.org\/{rel}","templated":true}]}}