{"id":6318,"date":"2021-12-10T09:20:52","date_gmt":"2021-12-10T08:20:52","guid":{"rendered":"https:\/\/agora.xtec.cat\/escolamestralvilanova\/?p=6318"},"modified":"2021-12-10T09:21:29","modified_gmt":"2021-12-10T08:21:29","slug":"vincles-marc","status":"publish","type":"post","link":"https:\/\/agora.xtec.cat\/escolamestralvilanova\/infantil\/vincles-marc\/","title":{"rendered":"VINCLES: MARC"},"content":{"rendered":"<p dir=\"auto\">La setmana passada va ser el torn del Marc.<\/p>\n<p dir=\"auto\">El Marc ens va portar molts records dels seus tres anys de vida, alguns que encara no hav\u00edem compartit. Vam trobar la polsera de quan va n\u00e9ixer i tamb\u00e9 la pin\u00e7a del seu melic!<\/p>\n<p dir=\"auto\">Ens va permetre parlar sobre el cord\u00f3 umbilical i va resorgir la uni\u00f3 que simbolitza com en el conte treballat &#8220;El fil invisible&#8221;. Tamb\u00e9 hi vam trobar moltes fotos i elements com el xumet, el mossegador o el primer tallat de cabell!<\/p>\n<ul>\n<li dir=\"auto\"><a href=\"https:\/\/photos.app.goo.gl\/khVHe6x1xh1n3cqE7\">ENLLA\u00c7 A LES FOTOGRAFIES<\/a><\/li>\n<\/ul>\n<p><a href=\"https:\/\/photos.app.goo.gl\/khVHe6x1xh1n3cqE7\"><img loading=\"lazy\" decoding=\"async\" class=\"alignnone wp-image-6319 size-medium\" src=\"https:\/\/agora.xtec.cat\/escolamestralvilanova\/wp-content\/uploads\/usu729\/2021\/12\/20211201_103923-rotated-e1639124431109-225x300.jpg\" alt=\"\" width=\"225\" height=\"300\" srcset=\"https:\/\/agora.xtec.cat\/escolamestralvilanova\/wp-content\/uploads\/usu729\/2021\/12\/20211201_103923-rotated-e1639124431109-225x300.jpg 225w, https:\/\/agora.xtec.cat\/escolamestralvilanova\/wp-content\/uploads\/usu729\/2021\/12\/20211201_103923-rotated-e1639124431109.jpg 480w\" sizes=\"auto, (max-width: 225px) 100vw, 225px\" \/><\/a><\/p>\n<div dir=\"auto\"><\/div>\n","protected":false},"excerpt":{"rendered":"<p>La setmana passada va ser el torn del Marc.<br \/>\nEl Marc ens va portar molts records dels seus tres anys de vida, alguns que encara no hav\u00edem compartit. Vam trobar la polsera de quan va n\u00e9ixer i tamb\u00e9 la pin\u00e7a del seu melic!<br \/>\nEns va permetre parlar&hellip;  <a href=\"https:\/\/agora.xtec.cat\/escolamestralvilanova\/infantil\/vincles-marc\/\" title=\"Read VINCLES: MARC\">Llegeix m\u00e9s\u00bb<\/a><\/p>\n","protected":false},"author":1,"featured_media":0,"comment_status":"open","ping_status":"closed","sticky":false,"template":"","format":"standard","meta":{"_bbp_topic_count":0,"_bbp_reply_count":0,"_bbp_total_topic_count":0,"_bbp_total_reply_count":0,"_bbp_voice_count":0,"_bbp_anonymous_reply_count":0,"_bbp_topic_count_hidden":0,"_bbp_reply_count_hidden":0,"_bbp_forum_subforum_count":0,"footnotes":""},"categories":[3,8,2,4],"tags":[],"class_list":["post-6318","post","type-post","status-publish","format-standard","hentry","category-ei3-ei4-ei5","category-ei4","category-infantil","category-portada"],"post_mailing_queue_ids":[],"_links":{"self":[{"href":"https:\/\/agora.xtec.cat\/escolamestralvilanova\/wp-json\/wp\/v2\/posts\/6318","targetHints":{"allow":["GET"]}}],"collection":[{"href":"https:\/\/agora.xtec.cat\/escolamestralvilanova\/wp-json\/wp\/v2\/posts"}],"about":[{"href":"https:\/\/agora.xtec.cat\/escolamestralvilanova\/wp-json\/wp\/v2\/types\/post"}],"author":[{"embeddable":true,"href":"https:\/\/agora.xtec.cat\/escolamestralvilanova\/wp-json\/wp\/v2\/users\/1"}],"replies":[{"embeddable":true,"href":"https:\/\/agora.xtec.cat\/escolamestralvilanova\/wp-json\/wp\/v2\/comments?post=6318"}],"version-history":[{"count":2,"href":"https:\/\/agora.xtec.cat\/escolamestralvilanova\/wp-json\/wp\/v2\/posts\/6318\/revisions"}],"predecessor-version":[{"id":6321,"href":"https:\/\/agora.xtec.cat\/escolamestralvilanova\/wp-json\/wp\/v2\/posts\/6318\/revisions\/6321"}],"wp:attachment":[{"href":"https:\/\/agora.xtec.cat\/escolamestralvilanova\/wp-json\/wp\/v2\/media?parent=6318"}],"wp:term":[{"taxonomy":"category","embeddable":true,"href":"https:\/\/agora.xtec.cat\/escolamestralvilanova\/wp-json\/wp\/v2\/categories?post=6318"},{"taxonomy":"post_tag","embeddable":true,"href":"https:\/\/agora.xtec.cat\/escolamestralvilanova\/wp-json\/wp\/v2\/tags?post=6318"}],"curies":[{"name":"wp","href":"https:\/\/api.w.org\/{rel}","templated":true}]}}