{"id":6311,"date":"2021-12-09T16:54:34","date_gmt":"2021-12-09T15:54:34","guid":{"rendered":"https:\/\/agora.xtec.cat\/escolamestralvilanova\/?p=6311"},"modified":"2021-12-09T16:54:53","modified_gmt":"2021-12-09T15:54:53","slug":"capsa-de-vida-delia","status":"publish","type":"post","link":"https:\/\/agora.xtec.cat\/escolamestralvilanova\/infantil\/capsa-de-vida-delia\/","title":{"rendered":"CAPSA DE VIDA D\u00c8LIA"},"content":{"rendered":"<p>Aquest mat\u00ed ens ha explicat quins elements ha posat dins la seva capsa, amb l&#8217;ajuda de la seva fam\u00edlia:<br \/>\n<em>&#8211; Fotos de la seva fam\u00edlia i d&#8217;ella!<\/em><br \/>\n<em>&#8211; Un tel\u00e8fon que deia els nombres en el seu idioma<\/em><br \/>\n<em>&#8211; Bombolletes sensorials de silicona<\/em><br \/>\n<em>&#8211; Un ratolinet<\/em><br \/>\n<em>&#8211; Una diadema de quan era m\u00e9s petita<\/em><br \/>\n<em>&#8211; Globus amb confeti dins, amb els quals hem jugat de valent per l&#8217;aula!<\/em><br \/>\nMoltes gr\u00e0cies fam\u00edlia, ens ha agradat molt!!\u00a0<img decoding=\"async\" class=\"an1\" src=\"https:\/\/fonts.gstatic.com\/s\/e\/notoemoji\/14.0\/1f973\/32.png\" alt=\"\ud83e\udd73\" data-emoji=\"\ud83e\udd73\" aria-label=\"\ud83e\udd73\" \/><\/p>\n<ul>\n<li><a href=\"https:\/\/photos.app.goo.gl\/twRsLs2h88Srj27t9\">ENLLA\u00c7 A LES FOTOGRAFIES<\/a><\/li>\n<\/ul>\n<p><a href=\"https:\/\/photos.app.goo.gl\/twRsLs2h88Srj27t9\"><img loading=\"lazy\" decoding=\"async\" class=\"alignnone size-medium wp-image-6312\" src=\"https:\/\/agora.xtec.cat\/escolamestralvilanova\/wp-content\/uploads\/usu729\/2021\/12\/PHOTO-2021-12-09-15-15-14-195x300.jpg\" alt=\"\" width=\"195\" height=\"300\" srcset=\"https:\/\/agora.xtec.cat\/escolamestralvilanova\/wp-content\/uploads\/usu729\/2021\/12\/PHOTO-2021-12-09-15-15-14-195x300.jpg 195w, https:\/\/agora.xtec.cat\/escolamestralvilanova\/wp-content\/uploads\/usu729\/2021\/12\/PHOTO-2021-12-09-15-15-14-664x1024.jpg 664w, https:\/\/agora.xtec.cat\/escolamestralvilanova\/wp-content\/uploads\/usu729\/2021\/12\/PHOTO-2021-12-09-15-15-14-768x1184.jpg 768w, https:\/\/agora.xtec.cat\/escolamestralvilanova\/wp-content\/uploads\/usu729\/2021\/12\/PHOTO-2021-12-09-15-15-14-996x1536.jpg 996w, https:\/\/agora.xtec.cat\/escolamestralvilanova\/wp-content\/uploads\/usu729\/2021\/12\/PHOTO-2021-12-09-15-15-14.jpg 1038w\" sizes=\"auto, (max-width: 195px) 100vw, 195px\" \/><\/a><\/p>\n<div class=\"yj6qo\"><\/div>\n","protected":false},"excerpt":{"rendered":"<p>Aquest mat\u00ed ens ha explicat quins elements ha posat dins la seva capsa, amb l&#8217;ajuda de la seva fam\u00edlia:<br \/>\n&#8211; Fotos de la seva fam\u00edlia i d&#8217;ella!<br \/>\n&#8211; Un tel\u00e8fon que deia els nombres en el seu idioma<br \/>\n&#8211; Bombolletes sensorials de silicona<br \/>\n&#8211; Un ratolinet<br \/>\n&#8211; Una diadema de&hellip;  <a href=\"https:\/\/agora.xtec.cat\/escolamestralvilanova\/infantil\/capsa-de-vida-delia\/\" title=\"Read CAPSA DE VIDA D\u00c8LIA\">Llegeix m\u00e9s\u00bb<\/a><\/p>\n","protected":false},"author":1,"featured_media":0,"comment_status":"open","ping_status":"closed","sticky":false,"template":"","format":"standard","meta":{"_bbp_topic_count":0,"_bbp_reply_count":0,"_bbp_total_topic_count":0,"_bbp_total_reply_count":0,"_bbp_voice_count":0,"_bbp_anonymous_reply_count":0,"_bbp_topic_count_hidden":0,"_bbp_reply_count_hidden":0,"_bbp_forum_subforum_count":0,"footnotes":""},"categories":[14,59,2,4],"tags":[],"class_list":["post-6311","post","type-post","status-publish","format-standard","hentry","category-ei1-ei2","category-primer-cicle-ed-infantil","category-infantil","category-portada"],"post_mailing_queue_ids":[],"_links":{"self":[{"href":"https:\/\/agora.xtec.cat\/escolamestralvilanova\/wp-json\/wp\/v2\/posts\/6311","targetHints":{"allow":["GET"]}}],"collection":[{"href":"https:\/\/agora.xtec.cat\/escolamestralvilanova\/wp-json\/wp\/v2\/posts"}],"about":[{"href":"https:\/\/agora.xtec.cat\/escolamestralvilanova\/wp-json\/wp\/v2\/types\/post"}],"author":[{"embeddable":true,"href":"https:\/\/agora.xtec.cat\/escolamestralvilanova\/wp-json\/wp\/v2\/users\/1"}],"replies":[{"embeddable":true,"href":"https:\/\/agora.xtec.cat\/escolamestralvilanova\/wp-json\/wp\/v2\/comments?post=6311"}],"version-history":[{"count":2,"href":"https:\/\/agora.xtec.cat\/escolamestralvilanova\/wp-json\/wp\/v2\/posts\/6311\/revisions"}],"predecessor-version":[{"id":6314,"href":"https:\/\/agora.xtec.cat\/escolamestralvilanova\/wp-json\/wp\/v2\/posts\/6311\/revisions\/6314"}],"wp:attachment":[{"href":"https:\/\/agora.xtec.cat\/escolamestralvilanova\/wp-json\/wp\/v2\/media?parent=6311"}],"wp:term":[{"taxonomy":"category","embeddable":true,"href":"https:\/\/agora.xtec.cat\/escolamestralvilanova\/wp-json\/wp\/v2\/categories?post=6311"},{"taxonomy":"post_tag","embeddable":true,"href":"https:\/\/agora.xtec.cat\/escolamestralvilanova\/wp-json\/wp\/v2\/tags?post=6311"}],"curies":[{"name":"wp","href":"https:\/\/api.w.org\/{rel}","templated":true}]}}