{"id":6296,"date":"2021-12-02T17:37:10","date_gmt":"2021-12-02T16:37:10","guid":{"rendered":"https:\/\/agora.xtec.cat\/escolamestralvilanova\/?p=6296"},"modified":"2021-12-02T18:27:05","modified_gmt":"2021-12-02T17:27:05","slug":"el-trac","status":"publish","type":"post","link":"https:\/\/agora.xtec.cat\/escolamestralvilanova\/infantil\/el-trac\/","title":{"rendered":"EL TRA\u00c7"},"content":{"rendered":"<p>Durant aquesta setmana a l&#8217;escoleta hem introdu\u00eft el tra\u00e7, mitjan\u00e7ant un panell sensorial amb tra\u00e7 vertical sobre la pissarra i posteriorment reproduint-lo amb guixos.<br \/>\nTamb\u00e9 l&#8217;hem treballat per racons:<\/p>\n<p><em>&#8211; Exercitem una s\u00e8rie de tra\u00e7os amb el dit sobre l&#8217;arena, despr\u00e9s de reseguir-los amb el dit sobre cada panel sensorial.<\/em><\/p>\n<p><em>&#8211; Col\u2022loquem c\u00e0psules de caf\u00e8 per sobre dels diferents tra\u00e7os<\/em><\/p>\n<p><em>&#8211; Resseguim els diferents tra\u00e7os amb retolador<\/em><\/p>\n<p><em>&#8211; Introdu\u00efm pius seguint les l\u00ednies<\/em><\/p>\n<p>&nbsp;<\/p>\n<ul>\n<li><a href=\"https:\/\/photos.app.goo.gl\/sHQoHbTPZdoY6KRr9\">ENLLA\u00c7 A LES FOTOGRAFIES<\/a><\/li>\n<\/ul>\n<p><a href=\"https:\/\/photos.app.goo.gl\/sHQoHbTPZdoY6KRr9\"><img loading=\"lazy\" decoding=\"async\" class=\"alignnone size-medium wp-image-6297\" src=\"https:\/\/agora.xtec.cat\/escolamestralvilanova\/wp-content\/uploads\/usu729\/2021\/12\/PHOTO-2021-12-02-15-22-25-169x300.jpg\" alt=\"\" width=\"169\" height=\"300\" srcset=\"https:\/\/agora.xtec.cat\/escolamestralvilanova\/wp-content\/uploads\/usu729\/2021\/12\/PHOTO-2021-12-02-15-22-25-169x300.jpg 169w, https:\/\/agora.xtec.cat\/escolamestralvilanova\/wp-content\/uploads\/usu729\/2021\/12\/PHOTO-2021-12-02-15-22-25-576x1024.jpg 576w, https:\/\/agora.xtec.cat\/escolamestralvilanova\/wp-content\/uploads\/usu729\/2021\/12\/PHOTO-2021-12-02-15-22-25-768x1366.jpg 768w, https:\/\/agora.xtec.cat\/escolamestralvilanova\/wp-content\/uploads\/usu729\/2021\/12\/PHOTO-2021-12-02-15-22-25-864x1536.jpg 864w, https:\/\/agora.xtec.cat\/escolamestralvilanova\/wp-content\/uploads\/usu729\/2021\/12\/PHOTO-2021-12-02-15-22-25.jpg 899w\" sizes=\"auto, (max-width: 169px) 100vw, 169px\" \/><\/a><\/p>\n<div class=\"yj6qo\"><\/div>\n","protected":false},"excerpt":{"rendered":"<p>Durant aquesta setmana a l&#8217;escoleta hem introdu\u00eft el tra\u00e7, mitjan\u00e7ant un panell sensorial amb tra\u00e7 vertical sobre la pissarra i posteriorment reproduint-lo amb guixos.<br \/>\nTamb\u00e9 l&#8217;hem treballat per racons:<br \/>\n&#8211; Exercitem una s\u00e8rie de tra\u00e7os amb el dit sobre l&#8217;arena, despr\u00e9s de reseguir-los amb el dit sobre&hellip;  <a href=\"https:\/\/agora.xtec.cat\/escolamestralvilanova\/infantil\/el-trac\/\" title=\"Read EL TRA\u00c7\">Llegeix m\u00e9s\u00bb<\/a><\/p>\n","protected":false},"author":1,"featured_media":0,"comment_status":"open","ping_status":"closed","sticky":false,"template":"","format":"standard","meta":{"_bbp_topic_count":0,"_bbp_reply_count":0,"_bbp_total_topic_count":0,"_bbp_total_reply_count":0,"_bbp_voice_count":0,"_bbp_anonymous_reply_count":0,"_bbp_topic_count_hidden":0,"_bbp_reply_count_hidden":0,"_bbp_forum_subforum_count":0,"footnotes":""},"categories":[14,2,4],"tags":[],"class_list":["post-6296","post","type-post","status-publish","format-standard","hentry","category-ei1-ei2","category-infantil","category-portada"],"post_mailing_queue_ids":[],"_links":{"self":[{"href":"https:\/\/agora.xtec.cat\/escolamestralvilanova\/wp-json\/wp\/v2\/posts\/6296","targetHints":{"allow":["GET"]}}],"collection":[{"href":"https:\/\/agora.xtec.cat\/escolamestralvilanova\/wp-json\/wp\/v2\/posts"}],"about":[{"href":"https:\/\/agora.xtec.cat\/escolamestralvilanova\/wp-json\/wp\/v2\/types\/post"}],"author":[{"embeddable":true,"href":"https:\/\/agora.xtec.cat\/escolamestralvilanova\/wp-json\/wp\/v2\/users\/1"}],"replies":[{"embeddable":true,"href":"https:\/\/agora.xtec.cat\/escolamestralvilanova\/wp-json\/wp\/v2\/comments?post=6296"}],"version-history":[{"count":3,"href":"https:\/\/agora.xtec.cat\/escolamestralvilanova\/wp-json\/wp\/v2\/posts\/6296\/revisions"}],"predecessor-version":[{"id":6300,"href":"https:\/\/agora.xtec.cat\/escolamestralvilanova\/wp-json\/wp\/v2\/posts\/6296\/revisions\/6300"}],"wp:attachment":[{"href":"https:\/\/agora.xtec.cat\/escolamestralvilanova\/wp-json\/wp\/v2\/media?parent=6296"}],"wp:term":[{"taxonomy":"category","embeddable":true,"href":"https:\/\/agora.xtec.cat\/escolamestralvilanova\/wp-json\/wp\/v2\/categories?post=6296"},{"taxonomy":"post_tag","embeddable":true,"href":"https:\/\/agora.xtec.cat\/escolamestralvilanova\/wp-json\/wp\/v2\/tags?post=6296"}],"curies":[{"name":"wp","href":"https:\/\/api.w.org\/{rel}","templated":true}]}}