{"id":6288,"date":"2021-12-01T20:01:00","date_gmt":"2021-12-01T19:01:00","guid":{"rendered":"https:\/\/agora.xtec.cat\/escolamestralvilanova\/?p=6288"},"modified":"2021-12-01T20:01:10","modified_gmt":"2021-12-01T19:01:10","slug":"fem-un-experiment","status":"publish","type":"post","link":"https:\/\/agora.xtec.cat\/escolamestralvilanova\/infantil\/fem-un-experiment\/","title":{"rendered":"FEM UN EXPERIMENT!"},"content":{"rendered":"<p dir=\"auto\">Dins el projecte &#8220;Som la classe dels colors&#8221; i tenint en compte totes les inquietuds que ens van sorgint del treball de Vincles, hem fet un expermient amb boles d&#8217;hidrogel.<\/p>\n<p dir=\"auto\">Primer vam pensar quines coses ens ajudaven a cr\u00e8ixer i fer-nos grans. La fruita, el iogurt, els entrepans i l&#8217;aigua van ser algunes de les coses que vam anomenar i per aix\u00f2 vam voler comprovar qu\u00e8 feia cr\u00e8ixer aquestes petites esferes de colors. Ha estat un proc\u00e9s molt emocionant que ens ha captivat i sorpr\u00e8s molt.<\/p>\n<p dir=\"auto\">Ara aquestes petites boletes ens serveixen per experimentar i treballar la motricitat fina.<\/p>\n<div dir=\"auto\"><\/div>\n<ul>\n<li dir=\"auto\"><a href=\"https:\/\/photos.app.goo.gl\/chnbr886ajApMbM98\">ENLLA\u00c7 A LES FOTOGRAFIES<\/a><\/li>\n<\/ul>\n<p><a href=\"https:\/\/photos.app.goo.gl\/chnbr886ajApMbM98\"><img loading=\"lazy\" decoding=\"async\" class=\"alignnone size-medium wp-image-6289\" src=\"https:\/\/agora.xtec.cat\/escolamestralvilanova\/wp-content\/uploads\/usu729\/2021\/12\/Imagen1-300x225.jpg\" alt=\"\" width=\"300\" height=\"225\" srcset=\"https:\/\/agora.xtec.cat\/escolamestralvilanova\/wp-content\/uploads\/usu729\/2021\/12\/Imagen1-300x225.jpg 300w, https:\/\/agora.xtec.cat\/escolamestralvilanova\/wp-content\/uploads\/usu729\/2021\/12\/Imagen1-200x150.jpg 200w, https:\/\/agora.xtec.cat\/escolamestralvilanova\/wp-content\/uploads\/usu729\/2021\/12\/Imagen1.jpg 720w\" sizes=\"auto, (max-width: 300px) 100vw, 300px\" \/><\/a><\/p>\n","protected":false},"excerpt":{"rendered":"<p>Dins el projecte &#8220;Som la classe dels colors&#8221; i tenint en compte totes les inquietuds que ens van sorgint del treball de Vincles, hem fet un expermient amb boles d&#8217;hidrogel.<br \/>\nPrimer vam pensar quines coses ens ajudaven a cr\u00e8ixer i fer-nos grans. La fruita, el iogurt,&hellip;  <a href=\"https:\/\/agora.xtec.cat\/escolamestralvilanova\/infantil\/fem-un-experiment\/\" title=\"Read FEM UN EXPERIMENT!\">Llegeix m\u00e9s\u00bb<\/a><\/p>\n","protected":false},"author":1,"featured_media":0,"comment_status":"open","ping_status":"closed","sticky":false,"template":"","format":"standard","meta":{"_bbp_topic_count":0,"_bbp_reply_count":0,"_bbp_total_topic_count":0,"_bbp_total_reply_count":0,"_bbp_voice_count":0,"_bbp_anonymous_reply_count":0,"_bbp_topic_count_hidden":0,"_bbp_reply_count_hidden":0,"_bbp_forum_subforum_count":0,"footnotes":""},"categories":[14,2,4],"tags":[],"class_list":["post-6288","post","type-post","status-publish","format-standard","hentry","category-ei1-ei2","category-infantil","category-portada"],"post_mailing_queue_ids":[],"_links":{"self":[{"href":"https:\/\/agora.xtec.cat\/escolamestralvilanova\/wp-json\/wp\/v2\/posts\/6288","targetHints":{"allow":["GET"]}}],"collection":[{"href":"https:\/\/agora.xtec.cat\/escolamestralvilanova\/wp-json\/wp\/v2\/posts"}],"about":[{"href":"https:\/\/agora.xtec.cat\/escolamestralvilanova\/wp-json\/wp\/v2\/types\/post"}],"author":[{"embeddable":true,"href":"https:\/\/agora.xtec.cat\/escolamestralvilanova\/wp-json\/wp\/v2\/users\/1"}],"replies":[{"embeddable":true,"href":"https:\/\/agora.xtec.cat\/escolamestralvilanova\/wp-json\/wp\/v2\/comments?post=6288"}],"version-history":[{"count":2,"href":"https:\/\/agora.xtec.cat\/escolamestralvilanova\/wp-json\/wp\/v2\/posts\/6288\/revisions"}],"predecessor-version":[{"id":6291,"href":"https:\/\/agora.xtec.cat\/escolamestralvilanova\/wp-json\/wp\/v2\/posts\/6288\/revisions\/6291"}],"wp:attachment":[{"href":"https:\/\/agora.xtec.cat\/escolamestralvilanova\/wp-json\/wp\/v2\/media?parent=6288"}],"wp:term":[{"taxonomy":"category","embeddable":true,"href":"https:\/\/agora.xtec.cat\/escolamestralvilanova\/wp-json\/wp\/v2\/categories?post=6288"},{"taxonomy":"post_tag","embeddable":true,"href":"https:\/\/agora.xtec.cat\/escolamestralvilanova\/wp-json\/wp\/v2\/tags?post=6288"}],"curies":[{"name":"wp","href":"https:\/\/api.w.org\/{rel}","templated":true}]}}