{"id":6276,"date":"2021-11-30T10:49:25","date_gmt":"2021-11-30T09:49:25","guid":{"rendered":"https:\/\/agora.xtec.cat\/escolamestralvilanova\/?p=6276"},"modified":"2021-11-30T10:51:05","modified_gmt":"2021-11-30T09:51:05","slug":"els-oficis-de-les-nostres-families-6","status":"publish","type":"post","link":"https:\/\/agora.xtec.cat\/escolamestralvilanova\/general\/els-oficis-de-les-nostres-families-6\/","title":{"rendered":"ELS OFICIS DE LES NOSTRES FAM\u00cdLIES!"},"content":{"rendered":"<p>Avui a l&#8217;aula de EI5 &#8211; 1r hem tingut una visita molt especial!<\/p>\n<p>El pare del Matteo, el Miquel, ens ha vingut a explicar el seu ofici.<\/p>\n<p>El Miquel t\u00e9 granges de pollets i porcs.<\/p>\n<p>Hem pogut con\u00e8ixer millor en qu\u00e8 consisteix la professi\u00f3 i els funcionament de les granges.<\/p>\n<p>Ens ha explicat com neixen i viuen els animals a les granges. Tamb\u00e9 ens ha explicat el seu creixement. Hem pogut parlat de la reproducci\u00f3 dels animals i de les seves caracter\u00edstiques.<\/p>\n<p>A part de tot aix\u00f2, el Miquel ens ha portat una caixa amb pollets a l&#8217;aula. Els hem pogut tocar i acaronar. Ens ha resolt dubtes que ten\u00edem sobre aquest animal. Els pollets han passat el mat\u00ed amb nosaltres a la classe.<\/p>\n<p>Hem apr\u00e8s moltes coses i ha estat una estona molt especial!<\/p>\n<p>Moltes gr\u00e0cies per venir Miquel!<\/p>\n<p><a href=\"https:\/\/agora.xtec.cat\/escolamestralvilanova\/wp-content\/uploads\/usu729\/2021\/11\/5.jpg\"><img loading=\"lazy\" decoding=\"async\" class=\"alignnone size-large wp-image-6277\" src=\"https:\/\/agora.xtec.cat\/escolamestralvilanova\/wp-content\/uploads\/usu729\/2021\/11\/5-724x1024.jpg\" alt=\"\" width=\"724\" height=\"1024\" srcset=\"https:\/\/agora.xtec.cat\/escolamestralvilanova\/wp-content\/uploads\/usu729\/2021\/11\/5-724x1024.jpg 724w, https:\/\/agora.xtec.cat\/escolamestralvilanova\/wp-content\/uploads\/usu729\/2021\/11\/5-212x300.jpg 212w, https:\/\/agora.xtec.cat\/escolamestralvilanova\/wp-content\/uploads\/usu729\/2021\/11\/5-768x1086.jpg 768w, https:\/\/agora.xtec.cat\/escolamestralvilanova\/wp-content\/uploads\/usu729\/2021\/11\/5-1086x1536.jpg 1086w, https:\/\/agora.xtec.cat\/escolamestralvilanova\/wp-content\/uploads\/usu729\/2021\/11\/5-1448x2048.jpg 1448w, https:\/\/agora.xtec.cat\/escolamestralvilanova\/wp-content\/uploads\/usu729\/2021\/11\/5.jpg 1587w\" sizes=\"auto, (max-width: 724px) 100vw, 724px\" \/><\/a><\/p>\n","protected":false},"excerpt":{"rendered":"<p>Avui a l&#8217;aula de EI5 &#8211; 1r hem tingut una visita molt especial!<br \/>\nEl pare del Matteo, el Miquel, ens ha vingut a explicar el seu ofici.<br \/>\nEl Miquel t\u00e9 granges de pollets i porcs.<br \/>\nHem pogut con\u00e8ixer millor en qu\u00e8 consisteix la professi\u00f3 i els funcionament de&hellip;  <a href=\"https:\/\/agora.xtec.cat\/escolamestralvilanova\/general\/els-oficis-de-les-nostres-families-6\/\" title=\"Read ELS OFICIS DE LES NOSTRES FAM\u00cdLIES!\">Llegeix m\u00e9s\u00bb<\/a><\/p>\n","protected":false},"author":6,"featured_media":0,"comment_status":"open","ping_status":"closed","sticky":false,"template":"","format":"standard","meta":{"_bbp_topic_count":0,"_bbp_reply_count":0,"_bbp_total_topic_count":0,"_bbp_total_reply_count":0,"_bbp_voice_count":0,"_bbp_anonymous_reply_count":0,"_bbp_topic_count_hidden":0,"_bbp_reply_count_hidden":0,"_bbp_forum_subforum_count":0,"footnotes":""},"categories":[10,1,4,5],"tags":[],"class_list":["post-6276","post","type-post","status-publish","format-standard","hentry","category-ei5-primer","category-general","category-portada","category-primaria"],"post_mailing_queue_ids":[],"_links":{"self":[{"href":"https:\/\/agora.xtec.cat\/escolamestralvilanova\/wp-json\/wp\/v2\/posts\/6276","targetHints":{"allow":["GET"]}}],"collection":[{"href":"https:\/\/agora.xtec.cat\/escolamestralvilanova\/wp-json\/wp\/v2\/posts"}],"about":[{"href":"https:\/\/agora.xtec.cat\/escolamestralvilanova\/wp-json\/wp\/v2\/types\/post"}],"author":[{"embeddable":true,"href":"https:\/\/agora.xtec.cat\/escolamestralvilanova\/wp-json\/wp\/v2\/users\/6"}],"replies":[{"embeddable":true,"href":"https:\/\/agora.xtec.cat\/escolamestralvilanova\/wp-json\/wp\/v2\/comments?post=6276"}],"version-history":[{"count":2,"href":"https:\/\/agora.xtec.cat\/escolamestralvilanova\/wp-json\/wp\/v2\/posts\/6276\/revisions"}],"predecessor-version":[{"id":6279,"href":"https:\/\/agora.xtec.cat\/escolamestralvilanova\/wp-json\/wp\/v2\/posts\/6276\/revisions\/6279"}],"wp:attachment":[{"href":"https:\/\/agora.xtec.cat\/escolamestralvilanova\/wp-json\/wp\/v2\/media?parent=6276"}],"wp:term":[{"taxonomy":"category","embeddable":true,"href":"https:\/\/agora.xtec.cat\/escolamestralvilanova\/wp-json\/wp\/v2\/categories?post=6276"},{"taxonomy":"post_tag","embeddable":true,"href":"https:\/\/agora.xtec.cat\/escolamestralvilanova\/wp-json\/wp\/v2\/tags?post=6276"}],"curies":[{"name":"wp","href":"https:\/\/api.w.org\/{rel}","templated":true}]}}