{"id":6269,"date":"2021-11-30T10:21:58","date_gmt":"2021-11-30T09:21:58","guid":{"rendered":"https:\/\/agora.xtec.cat\/escolamestralvilanova\/?p=6269"},"modified":"2021-11-30T10:22:04","modified_gmt":"2021-11-30T09:22:04","slug":"els-oficis-de-les-nostres-families-5","status":"publish","type":"post","link":"https:\/\/agora.xtec.cat\/escolamestralvilanova\/general\/els-oficis-de-les-nostres-families-5\/","title":{"rendered":"ELS OFICIS DE LES NOSTRES FAM\u00cdLIES!"},"content":{"rendered":"<p>Ahir a l&#8217;aula de EI5 &#8211; 1r vam tenir una visita molt especial!<\/p>\n<p>El pare de la Itzel, el V\u00edctor, ens va vindre a explicar el seu ofici.<\/p>\n<p>El V\u00edctor \u00e9s enginyer inform\u00e0tic i ens ha explicat en qu\u00e8 consisteix la seva professi\u00f3.<\/p>\n<p>Hem pogut con\u00e8ixer millor en qu\u00e8 consisteix la professi\u00f3 d&#8217;enginyer inform\u00e0tic. Tamb\u00e9 ens ha mostrat diversos elements que formen part d&#8217;un ordinador i ens n&#8217;ha explicat el seu \u00fas.<\/p>\n<p>Hem apr\u00e8s moltes coses i ha estat una estona molt especial!<\/p>\n<p>Moltes gr\u00e0cies per venir V\u00edctor!<\/p>\n<ul>\n<li><a href=\"https:\/\/photos.app.goo.gl\/CoCRZim1bFFH4Age8\">ENLLA\u00c7 A LES FOTOGRAFIES<\/a><\/li>\n<\/ul>\n<p><a href=\"https:\/\/agora.xtec.cat\/escolamestralvilanova\/wp-content\/uploads\/usu729\/2021\/11\/love-and-joy-1.zip\">l<\/a><a href=\"https:\/\/agora.xtec.cat\/escolamestralvilanova\/wp-content\/uploads\/usu729\/2021\/11\/4.jpg\"><img loading=\"lazy\" decoding=\"async\" class=\"alignnone size-large wp-image-6274\" src=\"https:\/\/agora.xtec.cat\/escolamestralvilanova\/wp-content\/uploads\/usu729\/2021\/11\/4-724x1024.jpg\" alt=\"\" width=\"724\" height=\"1024\" srcset=\"https:\/\/agora.xtec.cat\/escolamestralvilanova\/wp-content\/uploads\/usu729\/2021\/11\/4-724x1024.jpg 724w, https:\/\/agora.xtec.cat\/escolamestralvilanova\/wp-content\/uploads\/usu729\/2021\/11\/4-212x300.jpg 212w, https:\/\/agora.xtec.cat\/escolamestralvilanova\/wp-content\/uploads\/usu729\/2021\/11\/4-768x1086.jpg 768w, https:\/\/agora.xtec.cat\/escolamestralvilanova\/wp-content\/uploads\/usu729\/2021\/11\/4-1086x1536.jpg 1086w, https:\/\/agora.xtec.cat\/escolamestralvilanova\/wp-content\/uploads\/usu729\/2021\/11\/4-1448x2048.jpg 1448w, https:\/\/agora.xtec.cat\/escolamestralvilanova\/wp-content\/uploads\/usu729\/2021\/11\/4.jpg 1587w\" sizes=\"auto, (max-width: 724px) 100vw, 724px\" \/><\/a><\/p>\n<p>&nbsp;<\/p>\n","protected":false},"excerpt":{"rendered":"<p>Ahir a l&#8217;aula de EI5 &#8211; 1r vam tenir una visita molt especial!<br \/>\nEl pare de la Itzel, el V\u00edctor, ens va vindre a explicar el seu ofici.<br \/>\nEl V\u00edctor \u00e9s enginyer inform\u00e0tic i ens ha explicat en qu\u00e8 consisteix la seva professi\u00f3.<br \/>\nHem pogut con\u00e8ixer millor en&hellip;  <a href=\"https:\/\/agora.xtec.cat\/escolamestralvilanova\/general\/els-oficis-de-les-nostres-families-5\/\" title=\"Read ELS OFICIS DE LES NOSTRES FAM\u00cdLIES!\">Llegeix m\u00e9s\u00bb<\/a><\/p>\n","protected":false},"author":6,"featured_media":0,"comment_status":"open","ping_status":"closed","sticky":false,"template":"","format":"standard","meta":{"_bbp_topic_count":0,"_bbp_reply_count":0,"_bbp_total_topic_count":0,"_bbp_total_reply_count":0,"_bbp_voice_count":0,"_bbp_anonymous_reply_count":0,"_bbp_topic_count_hidden":0,"_bbp_reply_count_hidden":0,"_bbp_forum_subforum_count":0,"footnotes":""},"categories":[10,1,4,5],"tags":[],"class_list":["post-6269","post","type-post","status-publish","format-standard","hentry","category-ei5-primer","category-general","category-portada","category-primaria"],"post_mailing_queue_ids":[],"_links":{"self":[{"href":"https:\/\/agora.xtec.cat\/escolamestralvilanova\/wp-json\/wp\/v2\/posts\/6269","targetHints":{"allow":["GET"]}}],"collection":[{"href":"https:\/\/agora.xtec.cat\/escolamestralvilanova\/wp-json\/wp\/v2\/posts"}],"about":[{"href":"https:\/\/agora.xtec.cat\/escolamestralvilanova\/wp-json\/wp\/v2\/types\/post"}],"author":[{"embeddable":true,"href":"https:\/\/agora.xtec.cat\/escolamestralvilanova\/wp-json\/wp\/v2\/users\/6"}],"replies":[{"embeddable":true,"href":"https:\/\/agora.xtec.cat\/escolamestralvilanova\/wp-json\/wp\/v2\/comments?post=6269"}],"version-history":[{"count":2,"href":"https:\/\/agora.xtec.cat\/escolamestralvilanova\/wp-json\/wp\/v2\/posts\/6269\/revisions"}],"predecessor-version":[{"id":6275,"href":"https:\/\/agora.xtec.cat\/escolamestralvilanova\/wp-json\/wp\/v2\/posts\/6269\/revisions\/6275"}],"wp:attachment":[{"href":"https:\/\/agora.xtec.cat\/escolamestralvilanova\/wp-json\/wp\/v2\/media?parent=6269"}],"wp:term":[{"taxonomy":"category","embeddable":true,"href":"https:\/\/agora.xtec.cat\/escolamestralvilanova\/wp-json\/wp\/v2\/categories?post=6269"},{"taxonomy":"post_tag","embeddable":true,"href":"https:\/\/agora.xtec.cat\/escolamestralvilanova\/wp-json\/wp\/v2\/tags?post=6269"}],"curies":[{"name":"wp","href":"https:\/\/api.w.org\/{rel}","templated":true}]}}