{"id":6265,"date":"2021-11-29T11:53:50","date_gmt":"2021-11-29T10:53:50","guid":{"rendered":"https:\/\/agora.xtec.cat\/escolamestralvilanova\/?p=6265"},"modified":"2021-11-29T11:53:58","modified_gmt":"2021-11-29T10:53:58","slug":"els-oficis-de-les-nostres-families-4","status":"publish","type":"post","link":"https:\/\/agora.xtec.cat\/escolamestralvilanova\/general\/els-oficis-de-les-nostres-families-4\/","title":{"rendered":"ELS OFICIS DE LES NOSTRES FAM\u00cdLIES!"},"content":{"rendered":"<p>Avui a l&#8217;aula de EI5 &#8211; 1r hem tingut una visita molt especial!<\/p>\n<p>El pare del Gerard, el Jordi, ens ha vingut a explicar el seu ofici.<\/p>\n<p>El Jordi \u00e9s comercial i ens ha explicat en qu\u00e8 consisteix la seva professi\u00f3.<\/p>\n<p>Hem pogut con\u00e8ixer millor en qu\u00e8 consisteix la professi\u00f3 de comercial. Quins productes ven i com es despla\u00e7a per dur a terme la seva feina. Ens ha portat cat\u00e0legs i ens ha mostrat com realitza les comandes a trav\u00e9s de la seva classe. Tamb\u00e9 hem buscat per l&#8217;aula productes relacionats amb el que ell comercialitza.<\/p>\n<p>Hem apr\u00e8s moltes coses i ha estat una estona molt especial!<\/p>\n<p>Moltes gr\u00e0cies per venir Jordi!<\/p>\n<p><a href=\"https:\/\/agora.xtec.cat\/escolamestralvilanova\/wp-content\/uploads\/usu729\/2021\/11\/love-and-joy-1-1.jpg\"><img loading=\"lazy\" decoding=\"async\" class=\"alignnone size-large wp-image-6267\" src=\"https:\/\/agora.xtec.cat\/escolamestralvilanova\/wp-content\/uploads\/usu729\/2021\/11\/love-and-joy-1-1-724x1024.jpg\" alt=\"\" width=\"724\" height=\"1024\" srcset=\"https:\/\/agora.xtec.cat\/escolamestralvilanova\/wp-content\/uploads\/usu729\/2021\/11\/love-and-joy-1-1-724x1024.jpg 724w, https:\/\/agora.xtec.cat\/escolamestralvilanova\/wp-content\/uploads\/usu729\/2021\/11\/love-and-joy-1-1-212x300.jpg 212w, https:\/\/agora.xtec.cat\/escolamestralvilanova\/wp-content\/uploads\/usu729\/2021\/11\/love-and-joy-1-1-768x1086.jpg 768w, https:\/\/agora.xtec.cat\/escolamestralvilanova\/wp-content\/uploads\/usu729\/2021\/11\/love-and-joy-1-1-1086x1536.jpg 1086w, https:\/\/agora.xtec.cat\/escolamestralvilanova\/wp-content\/uploads\/usu729\/2021\/11\/love-and-joy-1-1-1448x2048.jpg 1448w, https:\/\/agora.xtec.cat\/escolamestralvilanova\/wp-content\/uploads\/usu729\/2021\/11\/love-and-joy-1-1.jpg 1587w\" sizes=\"auto, (max-width: 724px) 100vw, 724px\" \/><\/a><\/p>\n","protected":false},"excerpt":{"rendered":"<p>Avui a l&#8217;aula de EI5 &#8211; 1r hem tingut una visita molt especial!<br \/>\nEl pare del Gerard, el Jordi, ens ha vingut a explicar el seu ofici.<br \/>\nEl Jordi \u00e9s comercial i ens ha explicat en qu\u00e8 consisteix la seva professi\u00f3.<br \/>\nHem pogut con\u00e8ixer millor en qu\u00e8 consisteix&hellip;  <a href=\"https:\/\/agora.xtec.cat\/escolamestralvilanova\/general\/els-oficis-de-les-nostres-families-4\/\" title=\"Read ELS OFICIS DE LES NOSTRES FAM\u00cdLIES!\">Llegeix m\u00e9s\u00bb<\/a><\/p>\n","protected":false},"author":6,"featured_media":0,"comment_status":"open","ping_status":"closed","sticky":false,"template":"","format":"standard","meta":{"_bbp_topic_count":0,"_bbp_reply_count":0,"_bbp_total_topic_count":0,"_bbp_total_reply_count":0,"_bbp_voice_count":0,"_bbp_anonymous_reply_count":0,"_bbp_topic_count_hidden":0,"_bbp_reply_count_hidden":0,"_bbp_forum_subforum_count":0,"footnotes":""},"categories":[10,1,4,5],"tags":[],"class_list":["post-6265","post","type-post","status-publish","format-standard","hentry","category-ei5-primer","category-general","category-portada","category-primaria"],"post_mailing_queue_ids":[],"_links":{"self":[{"href":"https:\/\/agora.xtec.cat\/escolamestralvilanova\/wp-json\/wp\/v2\/posts\/6265","targetHints":{"allow":["GET"]}}],"collection":[{"href":"https:\/\/agora.xtec.cat\/escolamestralvilanova\/wp-json\/wp\/v2\/posts"}],"about":[{"href":"https:\/\/agora.xtec.cat\/escolamestralvilanova\/wp-json\/wp\/v2\/types\/post"}],"author":[{"embeddable":true,"href":"https:\/\/agora.xtec.cat\/escolamestralvilanova\/wp-json\/wp\/v2\/users\/6"}],"replies":[{"embeddable":true,"href":"https:\/\/agora.xtec.cat\/escolamestralvilanova\/wp-json\/wp\/v2\/comments?post=6265"}],"version-history":[{"count":1,"href":"https:\/\/agora.xtec.cat\/escolamestralvilanova\/wp-json\/wp\/v2\/posts\/6265\/revisions"}],"predecessor-version":[{"id":6268,"href":"https:\/\/agora.xtec.cat\/escolamestralvilanova\/wp-json\/wp\/v2\/posts\/6265\/revisions\/6268"}],"wp:attachment":[{"href":"https:\/\/agora.xtec.cat\/escolamestralvilanova\/wp-json\/wp\/v2\/media?parent=6265"}],"wp:term":[{"taxonomy":"category","embeddable":true,"href":"https:\/\/agora.xtec.cat\/escolamestralvilanova\/wp-json\/wp\/v2\/categories?post=6265"},{"taxonomy":"post_tag","embeddable":true,"href":"https:\/\/agora.xtec.cat\/escolamestralvilanova\/wp-json\/wp\/v2\/tags?post=6265"}],"curies":[{"name":"wp","href":"https:\/\/api.w.org\/{rel}","templated":true}]}}