{"id":6255,"date":"2021-11-26T16:17:04","date_gmt":"2021-11-26T15:17:04","guid":{"rendered":"https:\/\/agora.xtec.cat\/escolamestralvilanova\/?p=6255"},"modified":"2021-11-26T16:17:12","modified_gmt":"2021-11-26T15:17:12","slug":"els-oficis-de-les-nostres-families-3","status":"publish","type":"post","link":"https:\/\/agora.xtec.cat\/escolamestralvilanova\/portada\/els-oficis-de-les-nostres-families-3\/","title":{"rendered":"ELS OFICIS DE LES NOSTRES FAM\u00cdLIES!"},"content":{"rendered":"<p>Avui a l&#8217;aula de EI5 &#8211; 1r hem tingut una visita molt especial!<\/p>\n<p>La mare del Nil, la Mireia, ens ha vingut a explicar el seu ofici.<\/p>\n<p>La Mireia \u00e9s infermera i actualment treballa a una resid\u00e8ncia d&#8217;avis i \u00e0vies i ens ha explicat en qu\u00e8 consisteix la seva professi\u00f3.<\/p>\n<p>Hem pogut con\u00e8ixer millor que \u00e9s una resid\u00e8ncia d&#8217;avis i \u00e0vies, com s\u00f3n, quins serveis ofereixen i quin \u00e9s el paper de les infermeres i infermers all\u00ed. A l&#8217;acabar l&#8217;explicaci\u00f3 ens ha regalat a cadasc\u00fa una bosseta amb material relacionat amb la seva professi\u00f3 (guants, mascareta, pal de fusta, una pin\u00e7a, una xeringa&#8230;)<\/p>\n<p>Hem apr\u00e8s moltes coses i ha estat una estona molt especial!<\/p>\n<p>Moltes gr\u00e0cies per venir Mireia!<\/p>\n<p><a href=\"https:\/\/agora.xtec.cat\/escolamestralvilanova\/wp-content\/uploads\/usu729\/2021\/11\/2.jpg\"><img loading=\"lazy\" decoding=\"async\" class=\"alignnone size-large wp-image-6259\" src=\"https:\/\/agora.xtec.cat\/escolamestralvilanova\/wp-content\/uploads\/usu729\/2021\/11\/2-724x1024.jpg\" alt=\"\" width=\"724\" height=\"1024\" srcset=\"https:\/\/agora.xtec.cat\/escolamestralvilanova\/wp-content\/uploads\/usu729\/2021\/11\/2-724x1024.jpg 724w, https:\/\/agora.xtec.cat\/escolamestralvilanova\/wp-content\/uploads\/usu729\/2021\/11\/2-212x300.jpg 212w, https:\/\/agora.xtec.cat\/escolamestralvilanova\/wp-content\/uploads\/usu729\/2021\/11\/2-768x1086.jpg 768w, https:\/\/agora.xtec.cat\/escolamestralvilanova\/wp-content\/uploads\/usu729\/2021\/11\/2-1086x1536.jpg 1086w, https:\/\/agora.xtec.cat\/escolamestralvilanova\/wp-content\/uploads\/usu729\/2021\/11\/2-1448x2048.jpg 1448w, https:\/\/agora.xtec.cat\/escolamestralvilanova\/wp-content\/uploads\/usu729\/2021\/11\/2.jpg 1587w\" sizes=\"auto, (max-width: 724px) 100vw, 724px\" \/><\/a><\/p>\n<p>&nbsp;<\/p>\n","protected":false},"excerpt":{"rendered":"<p>Avui a l&#8217;aula de EI5 &#8211; 1r hem tingut una visita molt especial!<br \/>\nLa mare del Nil, la Mireia, ens ha vingut a explicar el seu ofici.<br \/>\nLa Mireia \u00e9s infermera i actualment treballa a una resid\u00e8ncia d&#8217;avis i \u00e0vies i ens ha explicat en qu\u00e8 consisteix&hellip;  <a href=\"https:\/\/agora.xtec.cat\/escolamestralvilanova\/portada\/els-oficis-de-les-nostres-families-3\/\" title=\"Read ELS OFICIS DE LES NOSTRES FAM\u00cdLIES!\">Llegeix m\u00e9s\u00bb<\/a><\/p>\n","protected":false},"author":6,"featured_media":0,"comment_status":"open","ping_status":"closed","sticky":false,"template":"","format":"standard","meta":{"_bbp_topic_count":0,"_bbp_reply_count":0,"_bbp_total_topic_count":0,"_bbp_total_reply_count":0,"_bbp_voice_count":0,"_bbp_anonymous_reply_count":0,"_bbp_topic_count_hidden":0,"_bbp_reply_count_hidden":0,"_bbp_forum_subforum_count":0,"footnotes":""},"categories":[10,4,5],"tags":[],"class_list":["post-6255","post","type-post","status-publish","format-standard","hentry","category-ei5-primer","category-portada","category-primaria"],"post_mailing_queue_ids":[],"_links":{"self":[{"href":"https:\/\/agora.xtec.cat\/escolamestralvilanova\/wp-json\/wp\/v2\/posts\/6255","targetHints":{"allow":["GET"]}}],"collection":[{"href":"https:\/\/agora.xtec.cat\/escolamestralvilanova\/wp-json\/wp\/v2\/posts"}],"about":[{"href":"https:\/\/agora.xtec.cat\/escolamestralvilanova\/wp-json\/wp\/v2\/types\/post"}],"author":[{"embeddable":true,"href":"https:\/\/agora.xtec.cat\/escolamestralvilanova\/wp-json\/wp\/v2\/users\/6"}],"replies":[{"embeddable":true,"href":"https:\/\/agora.xtec.cat\/escolamestralvilanova\/wp-json\/wp\/v2\/comments?post=6255"}],"version-history":[{"count":2,"href":"https:\/\/agora.xtec.cat\/escolamestralvilanova\/wp-json\/wp\/v2\/posts\/6255\/revisions"}],"predecessor-version":[{"id":6261,"href":"https:\/\/agora.xtec.cat\/escolamestralvilanova\/wp-json\/wp\/v2\/posts\/6255\/revisions\/6261"}],"wp:attachment":[{"href":"https:\/\/agora.xtec.cat\/escolamestralvilanova\/wp-json\/wp\/v2\/media?parent=6255"}],"wp:term":[{"taxonomy":"category","embeddable":true,"href":"https:\/\/agora.xtec.cat\/escolamestralvilanova\/wp-json\/wp\/v2\/categories?post=6255"},{"taxonomy":"post_tag","embeddable":true,"href":"https:\/\/agora.xtec.cat\/escolamestralvilanova\/wp-json\/wp\/v2\/tags?post=6255"}],"curies":[{"name":"wp","href":"https:\/\/api.w.org\/{rel}","templated":true}]}}