{"id":6252,"date":"2021-11-25T15:24:19","date_gmt":"2021-11-25T14:24:19","guid":{"rendered":"https:\/\/agora.xtec.cat\/escolamestralvilanova\/?p=6252"},"modified":"2021-11-25T15:24:24","modified_gmt":"2021-11-25T14:24:24","slug":"racons-vida-practica","status":"publish","type":"post","link":"https:\/\/agora.xtec.cat\/escolamestralvilanova\/infantil\/racons-vida-practica\/","title":{"rendered":"RACONS VIDA PR\u00c0CTICA"},"content":{"rendered":"<p>Avui a l&#8217;escoleta hem practicat l&#8217;obrir i tancar cremalleres, potets, velcros, botons&#8230; Mitjan\u00e7ant diferents panells i alguns pots, treient i posant la roba als ninos i tamb\u00e9 les nostres pr\u00f2pies sabates!!<br \/>\nCada cop ho fem millor!<\/p>\n<ul>\n<li><a href=\"https:\/\/photos.app.goo.gl\/MNWu7mMvhiD91FJq7\">ENLLA\u00c7 A LES FOTOGRAFIES<\/a><\/li>\n<\/ul>\n<p><a href=\"https:\/\/photos.app.goo.gl\/MNWu7mMvhiD91FJq7\"><img loading=\"lazy\" decoding=\"async\" class=\"alignnone size-medium wp-image-6253\" src=\"https:\/\/agora.xtec.cat\/escolamestralvilanova\/wp-content\/uploads\/usu729\/2021\/11\/IMG_20211125_103154-300x295.jpg\" alt=\"\" width=\"300\" height=\"295\" srcset=\"https:\/\/agora.xtec.cat\/escolamestralvilanova\/wp-content\/uploads\/usu729\/2021\/11\/IMG_20211125_103154-300x295.jpg 300w, https:\/\/agora.xtec.cat\/escolamestralvilanova\/wp-content\/uploads\/usu729\/2021\/11\/IMG_20211125_103154-1024x1007.jpg 1024w, https:\/\/agora.xtec.cat\/escolamestralvilanova\/wp-content\/uploads\/usu729\/2021\/11\/IMG_20211125_103154-768x755.jpg 768w, https:\/\/agora.xtec.cat\/escolamestralvilanova\/wp-content\/uploads\/usu729\/2021\/11\/IMG_20211125_103154-1536x1510.jpg 1536w, https:\/\/agora.xtec.cat\/escolamestralvilanova\/wp-content\/uploads\/usu729\/2021\/11\/IMG_20211125_103154-2048x2013.jpg 2048w\" sizes=\"auto, (max-width: 300px) 100vw, 300px\" \/><\/a><\/p>\n","protected":false},"excerpt":{"rendered":"<p>Avui a l&#8217;escoleta hem practicat l&#8217;obrir i tancar cremalleres, potets, velcros, botons&#8230; Mitjan\u00e7ant diferents panells i alguns pots, treient i posant la roba als ninos i tamb\u00e9 les nostres pr\u00f2pies sabates!!<br \/>\nCada cop ho fem millor!<\/p>\n<ul>\n<li><a href=\"https:\/\/photos.app.goo.gl\/MNWu7mMvhiD91FJq7\">ENLLA\u00c7 A LES FOTOGRAFIES<\/a><\/li>\n<\/ul>\n<p><a href=\"https:\/\/photos.app.goo.gl\/MNWu7mMvhiD91FJq7\"><\/a><\/p>\n","protected":false},"author":1,"featured_media":0,"comment_status":"open","ping_status":"closed","sticky":false,"template":"","format":"standard","meta":{"_bbp_topic_count":0,"_bbp_reply_count":0,"_bbp_total_topic_count":0,"_bbp_total_reply_count":0,"_bbp_voice_count":0,"_bbp_anonymous_reply_count":0,"_bbp_topic_count_hidden":0,"_bbp_reply_count_hidden":0,"_bbp_forum_subforum_count":0,"footnotes":""},"categories":[14,59,2,4],"tags":[],"class_list":["post-6252","post","type-post","status-publish","format-standard","hentry","category-ei1-ei2","category-primer-cicle-ed-infantil","category-infantil","category-portada"],"post_mailing_queue_ids":[],"_links":{"self":[{"href":"https:\/\/agora.xtec.cat\/escolamestralvilanova\/wp-json\/wp\/v2\/posts\/6252","targetHints":{"allow":["GET"]}}],"collection":[{"href":"https:\/\/agora.xtec.cat\/escolamestralvilanova\/wp-json\/wp\/v2\/posts"}],"about":[{"href":"https:\/\/agora.xtec.cat\/escolamestralvilanova\/wp-json\/wp\/v2\/types\/post"}],"author":[{"embeddable":true,"href":"https:\/\/agora.xtec.cat\/escolamestralvilanova\/wp-json\/wp\/v2\/users\/1"}],"replies":[{"embeddable":true,"href":"https:\/\/agora.xtec.cat\/escolamestralvilanova\/wp-json\/wp\/v2\/comments?post=6252"}],"version-history":[{"count":1,"href":"https:\/\/agora.xtec.cat\/escolamestralvilanova\/wp-json\/wp\/v2\/posts\/6252\/revisions"}],"predecessor-version":[{"id":6254,"href":"https:\/\/agora.xtec.cat\/escolamestralvilanova\/wp-json\/wp\/v2\/posts\/6252\/revisions\/6254"}],"wp:attachment":[{"href":"https:\/\/agora.xtec.cat\/escolamestralvilanova\/wp-json\/wp\/v2\/media?parent=6252"}],"wp:term":[{"taxonomy":"category","embeddable":true,"href":"https:\/\/agora.xtec.cat\/escolamestralvilanova\/wp-json\/wp\/v2\/categories?post=6252"},{"taxonomy":"post_tag","embeddable":true,"href":"https:\/\/agora.xtec.cat\/escolamestralvilanova\/wp-json\/wp\/v2\/tags?post=6252"}],"curies":[{"name":"wp","href":"https:\/\/api.w.org\/{rel}","templated":true}]}}