{"id":6246,"date":"2021-11-24T11:28:54","date_gmt":"2021-11-24T10:28:54","guid":{"rendered":"https:\/\/agora.xtec.cat\/escolamestralvilanova\/?p=6246"},"modified":"2021-11-24T11:30:51","modified_gmt":"2021-11-24T10:30:51","slug":"els-oficis-de-les-nostres-families-2","status":"publish","type":"post","link":"https:\/\/agora.xtec.cat\/escolamestralvilanova\/portada\/els-oficis-de-les-nostres-families-2\/","title":{"rendered":"ELS OFICIS DE LES NOSTRES FAM\u00cdLIES!"},"content":{"rendered":"<p>Avui a l&#8217;aula de EI5 &#8211; 1r hem tingut una visita molt especial!<\/p>\n<p>La padrina de l&#8217;Arlet, la Tere, ens ha vingut a explicar el seu ofici.<\/p>\n<p>La Tere \u00e9s modista i ens ha explicat en qu\u00e8 consisteix la seva professi\u00f3. Ens ha ensenyat els estris necessaris per cosir i ens ha portat un tros de roba per cadasc\u00fa per tal que pogu\u00e9ssim provar com s&#8217;utilitzen els guixos per marcar els patrons.<\/p>\n<p>Tamb\u00e9 ens ha portat una fotografia per cadasc\u00fa de la seva m\u00e0quina de cosir i aix\u00ed n&#8217;hem pogut veure les parts.<\/p>\n<p>Hem apr\u00e8s moltes coses i ha estat una estona molt especial!<\/p>\n<p>Moltes gr\u00e0cies per venir Tere!<\/p>\n<ul>\n<li><a href=\"https:\/\/photos.app.goo.gl\/CoCRZim1bFFH4Age8\">ENLLA\u00c7 A LES FOTOGRAFIES<\/a><\/li>\n<\/ul>\n<p><a href=\"https:\/\/agora.xtec.cat\/escolamestralvilanova\/wp-content\/uploads\/usu729\/2021\/11\/love-and-joy.jpg\"><img loading=\"lazy\" decoding=\"async\" class=\"alignnone size-large wp-image-6249\" src=\"https:\/\/agora.xtec.cat\/escolamestralvilanova\/wp-content\/uploads\/usu729\/2021\/11\/love-and-joy-724x1024.jpg\" alt=\"\" width=\"724\" height=\"1024\" srcset=\"https:\/\/agora.xtec.cat\/escolamestralvilanova\/wp-content\/uploads\/usu729\/2021\/11\/love-and-joy-724x1024.jpg 724w, https:\/\/agora.xtec.cat\/escolamestralvilanova\/wp-content\/uploads\/usu729\/2021\/11\/love-and-joy-212x300.jpg 212w, https:\/\/agora.xtec.cat\/escolamestralvilanova\/wp-content\/uploads\/usu729\/2021\/11\/love-and-joy-768x1086.jpg 768w, https:\/\/agora.xtec.cat\/escolamestralvilanova\/wp-content\/uploads\/usu729\/2021\/11\/love-and-joy-1086x1536.jpg 1086w, https:\/\/agora.xtec.cat\/escolamestralvilanova\/wp-content\/uploads\/usu729\/2021\/11\/love-and-joy-1448x2048.jpg 1448w, https:\/\/agora.xtec.cat\/escolamestralvilanova\/wp-content\/uploads\/usu729\/2021\/11\/love-and-joy.jpg 1587w\" sizes=\"auto, (max-width: 724px) 100vw, 724px\" \/><\/a><\/p>\n<p>&nbsp;<\/p>\n","protected":false},"excerpt":{"rendered":"<p>Avui a l&#8217;aula de EI5 &#8211; 1r hem tingut una visita molt especial!<br \/>\nLa padrina de l&#8217;Arlet, la Tere, ens ha vingut a explicar el seu ofici.<br \/>\nLa Tere \u00e9s modista i ens ha explicat en qu\u00e8 consisteix la seva professi\u00f3. Ens ha ensenyat els estris necessaris&hellip;  <a href=\"https:\/\/agora.xtec.cat\/escolamestralvilanova\/portada\/els-oficis-de-les-nostres-families-2\/\" title=\"Read ELS OFICIS DE LES NOSTRES FAM\u00cdLIES!\">Llegeix m\u00e9s\u00bb<\/a><\/p>\n","protected":false},"author":6,"featured_media":0,"comment_status":"open","ping_status":"closed","sticky":false,"template":"","format":"standard","meta":{"_bbp_topic_count":0,"_bbp_reply_count":0,"_bbp_total_topic_count":0,"_bbp_total_reply_count":0,"_bbp_voice_count":0,"_bbp_anonymous_reply_count":0,"_bbp_topic_count_hidden":0,"_bbp_reply_count_hidden":0,"_bbp_forum_subforum_count":0,"footnotes":""},"categories":[10,4,5],"tags":[],"class_list":["post-6246","post","type-post","status-publish","format-standard","hentry","category-ei5-primer","category-portada","category-primaria"],"post_mailing_queue_ids":[],"_links":{"self":[{"href":"https:\/\/agora.xtec.cat\/escolamestralvilanova\/wp-json\/wp\/v2\/posts\/6246","targetHints":{"allow":["GET"]}}],"collection":[{"href":"https:\/\/agora.xtec.cat\/escolamestralvilanova\/wp-json\/wp\/v2\/posts"}],"about":[{"href":"https:\/\/agora.xtec.cat\/escolamestralvilanova\/wp-json\/wp\/v2\/types\/post"}],"author":[{"embeddable":true,"href":"https:\/\/agora.xtec.cat\/escolamestralvilanova\/wp-json\/wp\/v2\/users\/6"}],"replies":[{"embeddable":true,"href":"https:\/\/agora.xtec.cat\/escolamestralvilanova\/wp-json\/wp\/v2\/comments?post=6246"}],"version-history":[{"count":2,"href":"https:\/\/agora.xtec.cat\/escolamestralvilanova\/wp-json\/wp\/v2\/posts\/6246\/revisions"}],"predecessor-version":[{"id":6251,"href":"https:\/\/agora.xtec.cat\/escolamestralvilanova\/wp-json\/wp\/v2\/posts\/6246\/revisions\/6251"}],"wp:attachment":[{"href":"https:\/\/agora.xtec.cat\/escolamestralvilanova\/wp-json\/wp\/v2\/media?parent=6246"}],"wp:term":[{"taxonomy":"category","embeddable":true,"href":"https:\/\/agora.xtec.cat\/escolamestralvilanova\/wp-json\/wp\/v2\/categories?post=6246"},{"taxonomy":"post_tag","embeddable":true,"href":"https:\/\/agora.xtec.cat\/escolamestralvilanova\/wp-json\/wp\/v2\/tags?post=6246"}],"curies":[{"name":"wp","href":"https:\/\/api.w.org\/{rel}","templated":true}]}}