{"id":6239,"date":"2021-11-22T16:27:31","date_gmt":"2021-11-22T15:27:31","guid":{"rendered":"https:\/\/agora.xtec.cat\/escolamestralvilanova\/?p=6239"},"modified":"2021-11-22T16:27:42","modified_gmt":"2021-11-22T15:27:42","slug":"capsa-de-vida-3","status":"publish","type":"post","link":"https:\/\/agora.xtec.cat\/escolamestralvilanova\/infantil\/capsa-de-vida-3\/","title":{"rendered":"CAPSA DE VIDA"},"content":{"rendered":"<p style=\"text-align: justify;\">Avui ha estat el torn de la Gala Arri\u00e0!!<\/p>\n<p style=\"text-align: justify;\">Dins la seva capsa de vida hi ha posat: un Mic, el qual li encanta des de ben petita!<\/p>\n<p style=\"text-align: justify;\">Un tren, perqu\u00e8 li agrada molt anar-lo a veure passar per l&#8217;estaci\u00f3 del poble; un \u00e0nec d&#8217;aigua amb el qual es banya, una foto amb el seu cosinet Pol i una altra amb el Marc, el seu germ\u00e0 petit!<\/p>\n<p style=\"text-align: justify;\">I\u00a0per \u00faltim, la titella del llop del conte dels 3 porquets. Hem aprofitat i hem explicat el conte i despr\u00e9s tots els infants han jugat amb les titelles!<\/p>\n<ul>\n<li><a href=\"https:\/\/photos.app.goo.gl\/buLb8VhbRAp1nFH39\">ENLLA\u00c7 A LES FOTOGRAFIES<\/a><\/li>\n<\/ul>\n<p><a href=\"https:\/\/photos.app.goo.gl\/buLb8VhbRAp1nFH39\"><img loading=\"lazy\" decoding=\"async\" class=\"alignnone size-medium wp-image-6240\" src=\"https:\/\/agora.xtec.cat\/escolamestralvilanova\/wp-content\/uploads\/usu729\/2021\/11\/PHOTO-2021-11-22-16-09-23-169x300.jpg\" alt=\"\" width=\"169\" height=\"300\" srcset=\"https:\/\/agora.xtec.cat\/escolamestralvilanova\/wp-content\/uploads\/usu729\/2021\/11\/PHOTO-2021-11-22-16-09-23-169x300.jpg 169w, https:\/\/agora.xtec.cat\/escolamestralvilanova\/wp-content\/uploads\/usu729\/2021\/11\/PHOTO-2021-11-22-16-09-23-576x1024.jpg 576w, https:\/\/agora.xtec.cat\/escolamestralvilanova\/wp-content\/uploads\/usu729\/2021\/11\/PHOTO-2021-11-22-16-09-23.jpg 729w\" sizes=\"auto, (max-width: 169px) 100vw, 169px\" \/><\/a><\/p>\n<div class=\"yj6qo\"><\/div>\n","protected":false},"excerpt":{"rendered":"<p>Avui ha estat el torn de la Gala Arri\u00e0!!<br \/>\nDins la seva capsa de vida hi ha posat: un Mic, el qual li encanta des de ben petita!<br \/>\nUn tren, perqu\u00e8 li agrada molt anar-lo a veure passar per l&#8217;estaci\u00f3 del poble; un \u00e0nec d&#8217;aigua amb el&hellip;  <a href=\"https:\/\/agora.xtec.cat\/escolamestralvilanova\/infantil\/capsa-de-vida-3\/\" title=\"Read CAPSA DE VIDA\">Llegeix m\u00e9s\u00bb<\/a><\/p>\n","protected":false},"author":1,"featured_media":0,"comment_status":"open","ping_status":"closed","sticky":false,"template":"","format":"standard","meta":{"_bbp_topic_count":0,"_bbp_reply_count":0,"_bbp_total_topic_count":0,"_bbp_total_reply_count":0,"_bbp_voice_count":0,"_bbp_anonymous_reply_count":0,"_bbp_topic_count_hidden":0,"_bbp_reply_count_hidden":0,"_bbp_forum_subforum_count":0,"footnotes":""},"categories":[14,59,2,4],"tags":[],"class_list":["post-6239","post","type-post","status-publish","format-standard","hentry","category-ei1-ei2","category-primer-cicle-ed-infantil","category-infantil","category-portada"],"post_mailing_queue_ids":[],"_links":{"self":[{"href":"https:\/\/agora.xtec.cat\/escolamestralvilanova\/wp-json\/wp\/v2\/posts\/6239","targetHints":{"allow":["GET"]}}],"collection":[{"href":"https:\/\/agora.xtec.cat\/escolamestralvilanova\/wp-json\/wp\/v2\/posts"}],"about":[{"href":"https:\/\/agora.xtec.cat\/escolamestralvilanova\/wp-json\/wp\/v2\/types\/post"}],"author":[{"embeddable":true,"href":"https:\/\/agora.xtec.cat\/escolamestralvilanova\/wp-json\/wp\/v2\/users\/1"}],"replies":[{"embeddable":true,"href":"https:\/\/agora.xtec.cat\/escolamestralvilanova\/wp-json\/wp\/v2\/comments?post=6239"}],"version-history":[{"count":2,"href":"https:\/\/agora.xtec.cat\/escolamestralvilanova\/wp-json\/wp\/v2\/posts\/6239\/revisions"}],"predecessor-version":[{"id":6242,"href":"https:\/\/agora.xtec.cat\/escolamestralvilanova\/wp-json\/wp\/v2\/posts\/6239\/revisions\/6242"}],"wp:attachment":[{"href":"https:\/\/agora.xtec.cat\/escolamestralvilanova\/wp-json\/wp\/v2\/media?parent=6239"}],"wp:term":[{"taxonomy":"category","embeddable":true,"href":"https:\/\/agora.xtec.cat\/escolamestralvilanova\/wp-json\/wp\/v2\/categories?post=6239"},{"taxonomy":"post_tag","embeddable":true,"href":"https:\/\/agora.xtec.cat\/escolamestralvilanova\/wp-json\/wp\/v2\/tags?post=6239"}],"curies":[{"name":"wp","href":"https:\/\/api.w.org\/{rel}","templated":true}]}}