{"id":6236,"date":"2021-11-19T15:48:23","date_gmt":"2021-11-19T14:48:23","guid":{"rendered":"https:\/\/agora.xtec.cat\/escolamestralvilanova\/?p=6236"},"modified":"2021-11-22T09:50:39","modified_gmt":"2021-11-22T08:50:39","slug":"mes-propostes-amb-vermell","status":"publish","type":"post","link":"https:\/\/agora.xtec.cat\/escolamestralvilanova\/infantil\/mes-propostes-amb-vermell\/","title":{"rendered":"M\u00c9S PROPOSTES AMB VERMELL"},"content":{"rendered":"<p>Aquests dies hem seguit jugant amb aquest color. Dimecres vam dividir l&#8217;aula en diferents espais: plastilina, construccions, provocaci\u00f3 pels m\u00e9s petits&#8230; Tamb\u00e9 van buscar per la classe els elements que eren d&#8217;aquest color i els vam posar dins d&#8217;una caixa!<br \/>\nAhir vam jugar amb les formes transl\u00facides de fusta i el seu reflexe vermell amb el sol..<br \/>\nI avui hem experimentat amb gelatina de maduixa : l&#8217;hem tastat, tallat, hem observat com es movia&#8230;!<br \/>\nBon cap de setmana fam\u00edlies!<\/p>\n<ul>\n<li><a href=\"https:\/\/photos.app.goo.gl\/6GQfFBwgzrNTeVSi6\">ENLLA\u00c7 A LES FOTOGRAFIES<\/a><\/li>\n<\/ul>\n<p><a href=\"https:\/\/photos.app.goo.gl\/6GQfFBwgzrNTeVSi6\"><img loading=\"lazy\" decoding=\"async\" class=\"alignnone size-medium wp-image-6237\" src=\"https:\/\/agora.xtec.cat\/escolamestralvilanova\/wp-content\/uploads\/usu729\/2021\/11\/PHOTO-2021-11-19-16-39-08-169x300.jpg\" alt=\"\" width=\"169\" height=\"300\" srcset=\"https:\/\/agora.xtec.cat\/escolamestralvilanova\/wp-content\/uploads\/usu729\/2021\/11\/PHOTO-2021-11-19-16-39-08-169x300.jpg 169w, https:\/\/agora.xtec.cat\/escolamestralvilanova\/wp-content\/uploads\/usu729\/2021\/11\/PHOTO-2021-11-19-16-39-08-576x1024.jpg 576w, https:\/\/agora.xtec.cat\/escolamestralvilanova\/wp-content\/uploads\/usu729\/2021\/11\/PHOTO-2021-11-19-16-39-08-768x1366.jpg 768w, https:\/\/agora.xtec.cat\/escolamestralvilanova\/wp-content\/uploads\/usu729\/2021\/11\/PHOTO-2021-11-19-16-39-08-864x1536.jpg 864w, https:\/\/agora.xtec.cat\/escolamestralvilanova\/wp-content\/uploads\/usu729\/2021\/11\/PHOTO-2021-11-19-16-39-08.jpg 899w\" sizes=\"auto, (max-width: 169px) 100vw, 169px\" \/><\/a><\/p>\n","protected":false},"excerpt":{"rendered":"<p>Aquests dies hem seguit jugant amb aquest color. Dimecres vam dividir l&#8217;aula en diferents espais: plastilina, construccions, provocaci\u00f3 pels m\u00e9s petits&#8230; Tamb\u00e9 van buscar per la classe els elements que eren d&#8217;aquest color i els vam posar dins d&#8217;una caixa!<br \/>\nAhir vam jugar amb les formes&hellip;  <a href=\"https:\/\/agora.xtec.cat\/escolamestralvilanova\/infantil\/mes-propostes-amb-vermell\/\" title=\"Read M\u00c9S PROPOSTES AMB VERMELL\">Llegeix m\u00e9s\u00bb<\/a><\/p>\n","protected":false},"author":1,"featured_media":0,"comment_status":"open","ping_status":"closed","sticky":false,"template":"","format":"standard","meta":{"_bbp_topic_count":0,"_bbp_reply_count":0,"_bbp_total_topic_count":0,"_bbp_total_reply_count":0,"_bbp_voice_count":0,"_bbp_anonymous_reply_count":0,"_bbp_topic_count_hidden":0,"_bbp_reply_count_hidden":0,"_bbp_forum_subforum_count":0,"footnotes":""},"categories":[14,59,2,4],"tags":[],"class_list":["post-6236","post","type-post","status-publish","format-standard","hentry","category-ei1-ei2","category-primer-cicle-ed-infantil","category-infantil","category-portada"],"post_mailing_queue_ids":[],"_links":{"self":[{"href":"https:\/\/agora.xtec.cat\/escolamestralvilanova\/wp-json\/wp\/v2\/posts\/6236","targetHints":{"allow":["GET"]}}],"collection":[{"href":"https:\/\/agora.xtec.cat\/escolamestralvilanova\/wp-json\/wp\/v2\/posts"}],"about":[{"href":"https:\/\/agora.xtec.cat\/escolamestralvilanova\/wp-json\/wp\/v2\/types\/post"}],"author":[{"embeddable":true,"href":"https:\/\/agora.xtec.cat\/escolamestralvilanova\/wp-json\/wp\/v2\/users\/1"}],"replies":[{"embeddable":true,"href":"https:\/\/agora.xtec.cat\/escolamestralvilanova\/wp-json\/wp\/v2\/comments?post=6236"}],"version-history":[{"count":1,"href":"https:\/\/agora.xtec.cat\/escolamestralvilanova\/wp-json\/wp\/v2\/posts\/6236\/revisions"}],"predecessor-version":[{"id":6238,"href":"https:\/\/agora.xtec.cat\/escolamestralvilanova\/wp-json\/wp\/v2\/posts\/6236\/revisions\/6238"}],"wp:attachment":[{"href":"https:\/\/agora.xtec.cat\/escolamestralvilanova\/wp-json\/wp\/v2\/media?parent=6236"}],"wp:term":[{"taxonomy":"category","embeddable":true,"href":"https:\/\/agora.xtec.cat\/escolamestralvilanova\/wp-json\/wp\/v2\/categories?post=6236"},{"taxonomy":"post_tag","embeddable":true,"href":"https:\/\/agora.xtec.cat\/escolamestralvilanova\/wp-json\/wp\/v2\/tags?post=6236"}],"curies":[{"name":"wp","href":"https:\/\/api.w.org\/{rel}","templated":true}]}}