{"id":6232,"date":"2021-11-19T10:45:20","date_gmt":"2021-11-19T09:45:20","guid":{"rendered":"https:\/\/agora.xtec.cat\/escolamestralvilanova\/?p=6232"},"modified":"2021-11-19T10:47:27","modified_gmt":"2021-11-19T09:47:27","slug":"els-oficis-de-les-nostres-families","status":"publish","type":"post","link":"https:\/\/agora.xtec.cat\/escolamestralvilanova\/general\/els-oficis-de-les-nostres-families\/","title":{"rendered":"ELS OFICIS DE LES NOSTRES FAM\u00cdLIES!"},"content":{"rendered":"<p>Avui a l&#8217;aula de EI5 &#8211; 1r hem tingut una visita molt especial!<\/p>\n<p>La mare de l&#8217;Od\u00edn, la Maria, ens ha vingut a explicar el seu ofici. Ha vingut acompanyada de la seva gossa Gala.<\/p>\n<p>La Maria \u00e9s veterin\u00e0ria i professora. Ens ha explicat en qu\u00e8 consistia el seu ofici i ens ha mostrat eines que utilitzen com el fonendoscopi i un identificar de micro xips per poder identificar els gossos quan es perden. Hem pogut escoltar el cor de la Gala amb el fonendoscopi i ha sigut molt emocionant!<\/p>\n<p>Moltes gr\u00e0cies per venir Maria!<\/p>\n<ul>\n<li><a href=\"https:\/\/photos.app.goo.gl\/CoCRZim1bFFH4Age8\">ENLLA\u00c7 A LES FOTOGRAFIES<\/a><\/li>\n<\/ul>\n<p><a href=\"https:\/\/agora.xtec.cat\/escolamestralvilanova\/wp-content\/uploads\/usu729\/2021\/11\/IMG-3866-bona.jpg\"><img loading=\"lazy\" decoding=\"async\" class=\"alignnone size-full wp-image-6234\" src=\"https:\/\/agora.xtec.cat\/escolamestralvilanova\/wp-content\/uploads\/usu729\/2021\/11\/IMG-3866-bona.jpg\" alt=\"\" width=\"1024\" height=\"768\" srcset=\"https:\/\/agora.xtec.cat\/escolamestralvilanova\/wp-content\/uploads\/usu729\/2021\/11\/IMG-3866-bona.jpg 1024w, https:\/\/agora.xtec.cat\/escolamestralvilanova\/wp-content\/uploads\/usu729\/2021\/11\/IMG-3866-bona-300x225.jpg 300w, https:\/\/agora.xtec.cat\/escolamestralvilanova\/wp-content\/uploads\/usu729\/2021\/11\/IMG-3866-bona-768x576.jpg 768w, https:\/\/agora.xtec.cat\/escolamestralvilanova\/wp-content\/uploads\/usu729\/2021\/11\/IMG-3866-bona-200x150.jpg 200w\" sizes=\"auto, (max-width: 1024px) 100vw, 1024px\" \/><\/a><\/p>\n<p>&nbsp;<\/p>\n","protected":false},"excerpt":{"rendered":"<p>Avui a l&#8217;aula de EI5 &#8211; 1r hem tingut una visita molt especial!<br \/>\nLa mare de l&#8217;Od\u00edn, la Maria, ens ha vingut a explicar el seu ofici. Ha vingut acompanyada de la seva gossa Gala.<br \/>\nLa Maria \u00e9s veterin\u00e0ria i professora. Ens ha explicat en qu\u00e8 consistia&hellip;  <a href=\"https:\/\/agora.xtec.cat\/escolamestralvilanova\/general\/els-oficis-de-les-nostres-families\/\" title=\"Read ELS OFICIS DE LES NOSTRES FAM\u00cdLIES!\">Llegeix m\u00e9s\u00bb<\/a><\/p>\n","protected":false},"author":6,"featured_media":0,"comment_status":"open","ping_status":"closed","sticky":false,"template":"","format":"standard","meta":{"_bbp_topic_count":0,"_bbp_reply_count":0,"_bbp_total_topic_count":0,"_bbp_total_reply_count":0,"_bbp_voice_count":0,"_bbp_anonymous_reply_count":0,"_bbp_topic_count_hidden":0,"_bbp_reply_count_hidden":0,"_bbp_forum_subforum_count":0,"footnotes":""},"categories":[10,1,4,5],"tags":[],"class_list":["post-6232","post","type-post","status-publish","format-standard","hentry","category-ei5-primer","category-general","category-portada","category-primaria"],"post_mailing_queue_ids":[],"_links":{"self":[{"href":"https:\/\/agora.xtec.cat\/escolamestralvilanova\/wp-json\/wp\/v2\/posts\/6232","targetHints":{"allow":["GET"]}}],"collection":[{"href":"https:\/\/agora.xtec.cat\/escolamestralvilanova\/wp-json\/wp\/v2\/posts"}],"about":[{"href":"https:\/\/agora.xtec.cat\/escolamestralvilanova\/wp-json\/wp\/v2\/types\/post"}],"author":[{"embeddable":true,"href":"https:\/\/agora.xtec.cat\/escolamestralvilanova\/wp-json\/wp\/v2\/users\/6"}],"replies":[{"embeddable":true,"href":"https:\/\/agora.xtec.cat\/escolamestralvilanova\/wp-json\/wp\/v2\/comments?post=6232"}],"version-history":[{"count":1,"href":"https:\/\/agora.xtec.cat\/escolamestralvilanova\/wp-json\/wp\/v2\/posts\/6232\/revisions"}],"predecessor-version":[{"id":6235,"href":"https:\/\/agora.xtec.cat\/escolamestralvilanova\/wp-json\/wp\/v2\/posts\/6232\/revisions\/6235"}],"wp:attachment":[{"href":"https:\/\/agora.xtec.cat\/escolamestralvilanova\/wp-json\/wp\/v2\/media?parent=6232"}],"wp:term":[{"taxonomy":"category","embeddable":true,"href":"https:\/\/agora.xtec.cat\/escolamestralvilanova\/wp-json\/wp\/v2\/categories?post=6232"},{"taxonomy":"post_tag","embeddable":true,"href":"https:\/\/agora.xtec.cat\/escolamestralvilanova\/wp-json\/wp\/v2\/tags?post=6232"}],"curies":[{"name":"wp","href":"https:\/\/api.w.org\/{rel}","templated":true}]}}