{"id":6224,"date":"2021-11-15T19:09:18","date_gmt":"2021-11-15T18:09:18","guid":{"rendered":"https:\/\/agora.xtec.cat\/escolamestralvilanova\/?p=6224"},"modified":"2021-11-15T19:37:26","modified_gmt":"2021-11-15T18:37:26","slug":"aniversari-gala-m","status":"publish","type":"post","link":"https:\/\/agora.xtec.cat\/escolamestralvilanova\/infantil\/aniversari-gala-m\/","title":{"rendered":"ANIVERSARI GALA M."},"content":{"rendered":"<p>Avui la Gala ha fet 2 anys!<br \/>\nHem menjat coca i ha bufat dues espelmes alhora que li cant\u00e0vem la can\u00e7\u00f3 d&#8217;aniversari! <img decoding=\"async\" class=\"an1\" src=\"https:\/\/fonts.gstatic.com\/s\/e\/notoemoji\/13.1.1\/1f382\/72.png\" alt=\"\ud83c\udf82\" data-emoji=\"\ud83c\udf82\" aria-label=\"\ud83c\udf82\" \/><br \/>\nTamb\u00e9 ho hem celebrat a l&#8217;estil Montessori, fent dues volta al sol amb la pilota de la Terra ! <img decoding=\"async\" class=\"an1\" src=\"https:\/\/fonts.gstatic.com\/s\/e\/notoemoji\/13.1.1\/1f30d\/72.png\" alt=\"\ud83c\udf0d\" data-emoji=\"\ud83c\udf0d\" aria-label=\"\ud83c\udf0d\" \/><img decoding=\"async\" class=\"an1\" src=\"https:\/\/fonts.gstatic.com\/s\/e\/notoemoji\/13.1.1\/2600_fe0f\/72.png\" alt=\"\u2600\ufe0f\" data-emoji=\"\u2600\ufe0f\" aria-label=\"\u2600\ufe0f\" \/><br \/>\nA m\u00e9s, li hem pintat una pedreta com a regal i hem jugat amb globus i confeti! <img decoding=\"async\" class=\"an1\" src=\"https:\/\/fonts.gstatic.com\/s\/e\/notoemoji\/13.1.1\/1f38a\/72.png\" alt=\"\ud83c\udf8a\" data-emoji=\"\ud83c\udf8a\" aria-label=\"\ud83c\udf8a\" \/><br \/>\nPer \u00faltim, hem explicat el conte interactiu que ens ha regalat: el Dino parlador!<\/p>\n<p>Ens ha encantat, moltes gr\u00e0cies fam\u00edlia!!<\/p>\n<ul>\n<li><a href=\"https:\/\/photos.app.goo.gl\/vJExnvf3v5EmGsQZ7\">ENLLA\u00c7 A LES FOTOGRAFIES<\/a><\/li>\n<\/ul>\n<div class=\"yj6qo\"><a href=\"https:\/\/agora.xtec.cat\/escolamestralvilanova\/wp-content\/uploads\/usu729\/2021\/11\/PHOTO-2021-11-15-18-01-38.jpg\"><img loading=\"lazy\" decoding=\"async\" class=\"alignnone wp-image-6225 size-medium\" src=\"https:\/\/agora.xtec.cat\/escolamestralvilanova\/wp-content\/uploads\/usu729\/2021\/11\/PHOTO-2021-11-15-18-01-38-183x300.jpg\" alt=\"\" width=\"183\" height=\"300\" srcset=\"https:\/\/agora.xtec.cat\/escolamestralvilanova\/wp-content\/uploads\/usu729\/2021\/11\/PHOTO-2021-11-15-18-01-38-183x300.jpg 183w, https:\/\/agora.xtec.cat\/escolamestralvilanova\/wp-content\/uploads\/usu729\/2021\/11\/PHOTO-2021-11-15-18-01-38-623x1024.jpg 623w, https:\/\/agora.xtec.cat\/escolamestralvilanova\/wp-content\/uploads\/usu729\/2021\/11\/PHOTO-2021-11-15-18-01-38-768x1262.jpg 768w, https:\/\/agora.xtec.cat\/escolamestralvilanova\/wp-content\/uploads\/usu729\/2021\/11\/PHOTO-2021-11-15-18-01-38-935x1536.jpg 935w, https:\/\/agora.xtec.cat\/escolamestralvilanova\/wp-content\/uploads\/usu729\/2021\/11\/PHOTO-2021-11-15-18-01-38.jpg 974w\" sizes=\"auto, (max-width: 183px) 100vw, 183px\" \/><\/a><\/div>\n<div class=\"adL\"><\/div>\n","protected":false},"excerpt":{"rendered":"<p>Avui la Gala ha fet 2 anys!<br \/>\nHem menjat coca i ha bufat dues espelmes alhora que li cant\u00e0vem la can\u00e7\u00f3 d&#8217;aniversari!<br \/>\nTamb\u00e9 ho hem celebrat a l&#8217;estil Montessori, fent dues volta al sol amb la pilota de la Terra !<br \/>\nA m\u00e9s, li hem pintat&hellip;  <a href=\"https:\/\/agora.xtec.cat\/escolamestralvilanova\/infantil\/aniversari-gala-m\/\" title=\"Read ANIVERSARI GALA M.\">Llegeix m\u00e9s\u00bb<\/a><\/p>\n","protected":false},"author":1,"featured_media":0,"comment_status":"open","ping_status":"closed","sticky":false,"template":"","format":"standard","meta":{"_bbp_topic_count":0,"_bbp_reply_count":0,"_bbp_total_topic_count":0,"_bbp_total_reply_count":0,"_bbp_voice_count":0,"_bbp_anonymous_reply_count":0,"_bbp_topic_count_hidden":0,"_bbp_reply_count_hidden":0,"_bbp_forum_subforum_count":0,"footnotes":""},"categories":[14,59,2,4],"tags":[],"class_list":["post-6224","post","type-post","status-publish","format-standard","hentry","category-ei1-ei2","category-primer-cicle-ed-infantil","category-infantil","category-portada"],"post_mailing_queue_ids":[],"_links":{"self":[{"href":"https:\/\/agora.xtec.cat\/escolamestralvilanova\/wp-json\/wp\/v2\/posts\/6224","targetHints":{"allow":["GET"]}}],"collection":[{"href":"https:\/\/agora.xtec.cat\/escolamestralvilanova\/wp-json\/wp\/v2\/posts"}],"about":[{"href":"https:\/\/agora.xtec.cat\/escolamestralvilanova\/wp-json\/wp\/v2\/types\/post"}],"author":[{"embeddable":true,"href":"https:\/\/agora.xtec.cat\/escolamestralvilanova\/wp-json\/wp\/v2\/users\/1"}],"replies":[{"embeddable":true,"href":"https:\/\/agora.xtec.cat\/escolamestralvilanova\/wp-json\/wp\/v2\/comments?post=6224"}],"version-history":[{"count":2,"href":"https:\/\/agora.xtec.cat\/escolamestralvilanova\/wp-json\/wp\/v2\/posts\/6224\/revisions"}],"predecessor-version":[{"id":6227,"href":"https:\/\/agora.xtec.cat\/escolamestralvilanova\/wp-json\/wp\/v2\/posts\/6224\/revisions\/6227"}],"wp:attachment":[{"href":"https:\/\/agora.xtec.cat\/escolamestralvilanova\/wp-json\/wp\/v2\/media?parent=6224"}],"wp:term":[{"taxonomy":"category","embeddable":true,"href":"https:\/\/agora.xtec.cat\/escolamestralvilanova\/wp-json\/wp\/v2\/categories?post=6224"},{"taxonomy":"post_tag","embeddable":true,"href":"https:\/\/agora.xtec.cat\/escolamestralvilanova\/wp-json\/wp\/v2\/tags?post=6224"}],"curies":[{"name":"wp","href":"https:\/\/api.w.org\/{rel}","templated":true}]}}