{"id":6205,"date":"2021-11-12T16:01:01","date_gmt":"2021-11-12T15:01:01","guid":{"rendered":"https:\/\/agora.xtec.cat\/escolamestralvilanova\/?p=6205"},"modified":"2021-11-13T10:17:14","modified_gmt":"2021-11-13T09:17:14","slug":"recomanacio-musical","status":"publish","type":"post","link":"https:\/\/agora.xtec.cat\/escolamestralvilanova\/portada\/recomanacio-musical\/","title":{"rendered":"RECOMANACI\u00d3 MUSICAL"},"content":{"rendered":"<p>Avui us recomanem la can\u00e7\u00f3 &#8220;Cris\u00e0lide&#8221; de la Paula, la nostra aprenent.<\/p>\n<p>Ens ha agradat tant que l&#8217;hem volgut compartir amb tots vosaltres!<\/p>\n<p>A partir d&#8217;avui tamb\u00e9 la podreu escoltar a les entrades de l&#8217;escola!<\/p>\n<p><iframe loading=\"lazy\" title=\"YouTube video player\" src=\"https:\/\/www.youtube.com\/embed\/_rJSoNT_Zpo\" width=\"560\" height=\"315\" frameborder=\"0\" allowfullscreen=\"allowfullscreen\"><\/iframe><\/p>\n<p>&nbsp;<\/p>\n","protected":false},"excerpt":{"rendered":"<p>Avui us recomanem la can\u00e7\u00f3 &#8220;Cris\u00e0lide&#8221; de la Paula, la nostra aprenent.<br \/>\nEns ha agradat tant que l&#8217;hem volgut compartir amb tots vosaltres!<br \/>\nA partir d&#8217;avui tamb\u00e9 la podreu escoltar a les entrades de l&#8217;escola!<\/p>\n<p>&nbsp;<\/p>\n","protected":false},"author":1,"featured_media":0,"comment_status":"open","ping_status":"closed","sticky":false,"template":"","format":"standard","meta":{"_bbp_topic_count":0,"_bbp_reply_count":0,"_bbp_total_topic_count":0,"_bbp_total_reply_count":0,"_bbp_voice_count":0,"_bbp_anonymous_reply_count":0,"_bbp_topic_count_hidden":0,"_bbp_reply_count_hidden":0,"_bbp_forum_subforum_count":0,"footnotes":""},"categories":[53,4],"tags":[],"class_list":["post-6205","post","type-post","status-publish","format-standard","hentry","category-lespai-musical","category-portada"],"post_mailing_queue_ids":[],"_links":{"self":[{"href":"https:\/\/agora.xtec.cat\/escolamestralvilanova\/wp-json\/wp\/v2\/posts\/6205","targetHints":{"allow":["GET"]}}],"collection":[{"href":"https:\/\/agora.xtec.cat\/escolamestralvilanova\/wp-json\/wp\/v2\/posts"}],"about":[{"href":"https:\/\/agora.xtec.cat\/escolamestralvilanova\/wp-json\/wp\/v2\/types\/post"}],"author":[{"embeddable":true,"href":"https:\/\/agora.xtec.cat\/escolamestralvilanova\/wp-json\/wp\/v2\/users\/1"}],"replies":[{"embeddable":true,"href":"https:\/\/agora.xtec.cat\/escolamestralvilanova\/wp-json\/wp\/v2\/comments?post=6205"}],"version-history":[{"count":3,"href":"https:\/\/agora.xtec.cat\/escolamestralvilanova\/wp-json\/wp\/v2\/posts\/6205\/revisions"}],"predecessor-version":[{"id":6210,"href":"https:\/\/agora.xtec.cat\/escolamestralvilanova\/wp-json\/wp\/v2\/posts\/6205\/revisions\/6210"}],"wp:attachment":[{"href":"https:\/\/agora.xtec.cat\/escolamestralvilanova\/wp-json\/wp\/v2\/media?parent=6205"}],"wp:term":[{"taxonomy":"category","embeddable":true,"href":"https:\/\/agora.xtec.cat\/escolamestralvilanova\/wp-json\/wp\/v2\/categories?post=6205"},{"taxonomy":"post_tag","embeddable":true,"href":"https:\/\/agora.xtec.cat\/escolamestralvilanova\/wp-json\/wp\/v2\/tags?post=6205"}],"curies":[{"name":"wp","href":"https:\/\/api.w.org\/{rel}","templated":true}]}}