{"id":6159,"date":"2021-11-09T16:56:26","date_gmt":"2021-11-09T15:56:26","guid":{"rendered":"https:\/\/agora.xtec.cat\/escolamestralvilanova\/?p=6159"},"modified":"2021-11-09T16:56:31","modified_gmt":"2021-11-09T15:56:31","slug":"yayoi-kusama-i-la-rodona","status":"publish","type":"post","link":"https:\/\/agora.xtec.cat\/escolamestralvilanova\/general\/yayoi-kusama-i-la-rodona\/","title":{"rendered":"YAYOI KUSAMA I LA RODONA"},"content":{"rendered":"<p>Continuem amb el treball de les formes a l&#8217;escoleta!<\/p>\n<p>Aquesta setmana ens centrarem en la rodona\/el punt. Per introduir-ho ahir vam explicar el conte: &#8220;El punt&#8221; i vam recrear l&#8217;obra que surt al conte mentre l&#8217;explicavem.<\/p>\n<p>Avui, hem presentat a trav\u00e9s d&#8217;un llibre a la peculiar artista japonesa, Yayoi Kusama, on la majoria de les seves obres estan fetes amb punts i rodones. Despr\u00e9s, hem recreat l&#8217;obra &#8220;Obliteration room&#8221; en un rac\u00f3 de l&#8217;aula on han anat enganxant gomets i rodones! A m\u00e9s, han jugat i experimentat amb rodones de diferents textures (taps, botons&#8230;).<br \/>\nHan gaudit de valent!!\u00a0<img decoding=\"async\" class=\"an1\" src=\"https:\/\/fonts.gstatic.com\/s\/e\/notoemoji\/13.1.1\/1f7e1\/32.png\" alt=\"\ud83d\udfe1\" data-emoji=\"\ud83d\udfe1\" aria-label=\"\ud83d\udfe1\" \/><img decoding=\"async\" class=\"an1\" src=\"https:\/\/fonts.gstatic.com\/s\/e\/notoemoji\/13.1.1\/1f535\/32.png\" alt=\"\ud83d\udd35\" data-emoji=\"\ud83d\udd35\" aria-label=\"\ud83d\udd35\" \/><img decoding=\"async\" class=\"an1\" src=\"https:\/\/fonts.gstatic.com\/s\/e\/notoemoji\/13.1.1\/1f7e2\/32.png\" alt=\"\ud83d\udfe2\" data-emoji=\"\ud83d\udfe2\" aria-label=\"\ud83d\udfe2\" \/><\/p>\n<ul>\n<li><a href=\"https:\/\/photos.google.com\/share\/AF1QipMri60gtoEH5GR1AsLzBv1FseNwH8wu9lRjv1kd7eLmdz-NuEVT3suOftvnmao2lw?key=VXZYdU5kZGZ2dVB3RkkyNl9ZRTYxWTV5MldMakdn\">ENLLA\u00c7 A LES FOTOGRAFIES<\/a><\/li>\n<\/ul>\n<p><a href=\"https:\/\/photos.google.com\/share\/AF1QipMri60gtoEH5GR1AsLzBv1FseNwH8wu9lRjv1kd7eLmdz-NuEVT3suOftvnmao2lw?key=VXZYdU5kZGZ2dVB3RkkyNl9ZRTYxWTV5MldMakdn\"><img loading=\"lazy\" decoding=\"async\" class=\"alignnone size-medium wp-image-6163\" src=\"https:\/\/agora.xtec.cat\/escolamestralvilanova\/wp-content\/uploads\/usu729\/2021\/11\/original_783d99c2-d3b7-4feb-858b-7c3c0de29d91_IMG_20211109_083025-300x207.jpg\" alt=\"\" width=\"300\" height=\"207\" srcset=\"https:\/\/agora.xtec.cat\/escolamestralvilanova\/wp-content\/uploads\/usu729\/2021\/11\/original_783d99c2-d3b7-4feb-858b-7c3c0de29d91_IMG_20211109_083025-300x207.jpg 300w, https:\/\/agora.xtec.cat\/escolamestralvilanova\/wp-content\/uploads\/usu729\/2021\/11\/original_783d99c2-d3b7-4feb-858b-7c3c0de29d91_IMG_20211109_083025-1024x708.jpg 1024w, https:\/\/agora.xtec.cat\/escolamestralvilanova\/wp-content\/uploads\/usu729\/2021\/11\/original_783d99c2-d3b7-4feb-858b-7c3c0de29d91_IMG_20211109_083025-768x531.jpg 768w, https:\/\/agora.xtec.cat\/escolamestralvilanova\/wp-content\/uploads\/usu729\/2021\/11\/original_783d99c2-d3b7-4feb-858b-7c3c0de29d91_IMG_20211109_083025-1536x1062.jpg 1536w, https:\/\/agora.xtec.cat\/escolamestralvilanova\/wp-content\/uploads\/usu729\/2021\/11\/original_783d99c2-d3b7-4feb-858b-7c3c0de29d91_IMG_20211109_083025-2048x1416.jpg 2048w\" sizes=\"auto, (max-width: 300px) 100vw, 300px\" \/><\/a><\/p>\n<p>&nbsp;<\/p>\n<div class=\"yj6qo\"><\/div>\n","protected":false},"excerpt":{"rendered":"<p>Continuem amb el treball de les formes a l&#8217;escoleta!<br \/>\nAquesta setmana ens centrarem en la rodona\/el punt. Per introduir-ho ahir vam explicar el conte: &#8220;El punt&#8221; i vam recrear l&#8217;obra que surt al conte mentre l&#8217;explicavem.<br \/>\nAvui, hem presentat a trav\u00e9s d&#8217;un llibre a la peculiar artista&hellip;  <a href=\"https:\/\/agora.xtec.cat\/escolamestralvilanova\/general\/yayoi-kusama-i-la-rodona\/\" title=\"Read YAYOI KUSAMA I LA RODONA\">Llegeix m\u00e9s\u00bb<\/a><\/p>\n","protected":false},"author":1,"featured_media":0,"comment_status":"open","ping_status":"closed","sticky":false,"template":"","format":"standard","meta":{"_bbp_topic_count":0,"_bbp_reply_count":0,"_bbp_total_topic_count":0,"_bbp_total_reply_count":0,"_bbp_voice_count":0,"_bbp_anonymous_reply_count":0,"_bbp_topic_count_hidden":0,"_bbp_reply_count_hidden":0,"_bbp_forum_subforum_count":0,"footnotes":""},"categories":[14,59,1,4],"tags":[],"class_list":["post-6159","post","type-post","status-publish","format-standard","hentry","category-ei1-ei2","category-primer-cicle-ed-infantil","category-general","category-portada"],"post_mailing_queue_ids":[],"_links":{"self":[{"href":"https:\/\/agora.xtec.cat\/escolamestralvilanova\/wp-json\/wp\/v2\/posts\/6159","targetHints":{"allow":["GET"]}}],"collection":[{"href":"https:\/\/agora.xtec.cat\/escolamestralvilanova\/wp-json\/wp\/v2\/posts"}],"about":[{"href":"https:\/\/agora.xtec.cat\/escolamestralvilanova\/wp-json\/wp\/v2\/types\/post"}],"author":[{"embeddable":true,"href":"https:\/\/agora.xtec.cat\/escolamestralvilanova\/wp-json\/wp\/v2\/users\/1"}],"replies":[{"embeddable":true,"href":"https:\/\/agora.xtec.cat\/escolamestralvilanova\/wp-json\/wp\/v2\/comments?post=6159"}],"version-history":[{"count":2,"href":"https:\/\/agora.xtec.cat\/escolamestralvilanova\/wp-json\/wp\/v2\/posts\/6159\/revisions"}],"predecessor-version":[{"id":6164,"href":"https:\/\/agora.xtec.cat\/escolamestralvilanova\/wp-json\/wp\/v2\/posts\/6159\/revisions\/6164"}],"wp:attachment":[{"href":"https:\/\/agora.xtec.cat\/escolamestralvilanova\/wp-json\/wp\/v2\/media?parent=6159"}],"wp:term":[{"taxonomy":"category","embeddable":true,"href":"https:\/\/agora.xtec.cat\/escolamestralvilanova\/wp-json\/wp\/v2\/categories?post=6159"},{"taxonomy":"post_tag","embeddable":true,"href":"https:\/\/agora.xtec.cat\/escolamestralvilanova\/wp-json\/wp\/v2\/tags?post=6159"}],"curies":[{"name":"wp","href":"https:\/\/api.w.org\/{rel}","templated":true}]}}