{"id":6148,"date":"2021-11-08T15:37:25","date_gmt":"2021-11-08T14:37:25","guid":{"rendered":"https:\/\/agora.xtec.cat\/escolamestralvilanova\/?p=6148"},"modified":"2021-11-10T22:11:29","modified_gmt":"2021-11-10T21:11:29","slug":"iv-setmana-de-les-arts","status":"publish","type":"post","link":"https:\/\/agora.xtec.cat\/escolamestralvilanova\/infantil\/iv-setmana-de-les-arts\/","title":{"rendered":"IV SETMANA DE LES ARTS"},"content":{"rendered":"<p style=\"text-align: justify;\">Al llarg de la\u00a0setmana\u00a0celebrarem la IV edici\u00f3 de la nostra &#8220;Setmana\u00a0de l&#8217;art&#8221;.<\/p>\n<p style=\"text-align: justify;\">Durant aquesta\u00a0setmana, del 08 al 15 de novembre, tots els nens i nenes de l\u2019escola participarem d&#8217;una\u00a0setmana\u00a0on la\u00a0m\u00fasica i l&#8217;expressi\u00f3 art\u00edstica\u00a0ser\u00e0 la gran protagonista.<\/p>\n<p style=\"text-align: justify;\">Aix\u00ed, durant la\u00a0setmana\u00a0realitzarem diferents activitats relacionades amb el m\u00f3n de la\u00a0m\u00fasica i l&#8217;art:<\/p>\n<ul style=\"text-align: justify;\">\n<li style=\"text-align: justify;\"><em>LA PANERA: El passat divendres 5 de novembre els alumnes de l&#8217;escola van visitar el centre d&#8217;art &#8220;<a href=\"http:\/\/www.lapanera.cat\/es\/programacion\/exposiciones\/12a-biennal-dart-leandre-cristofol\">La Panera<\/a>&#8221; en motiu de la 12\u00aa edici\u00f3 de la bienal d&#8217;art Leandre Crist\u00f2fol.<\/em><\/li>\n<li style=\"text-align: justify;\"><em>LLUM NEGRA: Els alumnes d&#8217;educaci\u00f3 Infantil van realitzar un taller de llum negra a l&#8217;escola.<\/em><\/li>\n<li style=\"text-align: justify;\"><em>TAST MUSICAL: Els alumnes de l&#8217;escola que toquen algun instrument ens realitzaran una audici\u00f3 i compartirem els v\u00eddeos amb la resta de l&#8217;escola.<\/em><\/li>\n<li style=\"text-align: justify;\"><em>TALLER MUSICAL: M\u00fasics de l&#8217;Orquestra Juli\u00e0 Carbonell ens realitzaran un taller al voltant dels instruments de l&#8217;orquestra simf\u00f2nica.<\/em><\/li>\n<li style=\"text-align: justify;\"><em>FEM CARTELLS: Els alumnes de sis\u00e8 s&#8217;encarregaran d&#8217;elaborar els cartells per a la\u00a0setmana\u00a0de la\u00a0m\u00fasica.<\/em><\/li>\n<li style=\"text-align: justify;\"><em>LA MEVA CAN\u00c7\u00d3 PREFERIDA: Els i les mestres ens recomanaran les seves can\u00e7ons preferides i les escoltarem a l&#8217;entrada de l&#8217;escola.<\/em><\/li>\n<li style=\"text-align: justify;\"><em>CONTE MUSICAT: Els alumnes d&#8217;Educaci\u00f3 Infantil escoltaran un conte musicalitzat.<\/em><\/li>\n<li style=\"text-align: justify;\"><em>EL CONCERT: Les aprenents de l&#8217;escola ens realitzaran un concert.<\/em><\/li>\n<\/ul>\n<p style=\"text-align: justify;\">Totes les activitats realitzades es publicaran a la\u00a0<a href=\"https:\/\/agora.xtec.cat\/escolamestralvilanova\/\">p\u00e0gina web de l&#8217;escola<\/a>.<\/p>\n<ul style=\"text-align: justify;\">\n<li><a href=\"https:\/\/photos.app.goo.gl\/MR3sXmJXcvVN6Dy87\">ACC\u00c9S ALS CARTELLS REALITZATS PELS ALUMNES DE SIS\u00c8<\/a><\/li>\n<\/ul>\n<p style=\"text-align: justify;\"><a href=\"https:\/\/agora.xtec.cat\/escolamestralvilanova\/wp-content\/uploads\/usu729\/2021\/11\/SETMANA-DE-LES-ARTS.png\"><img loading=\"lazy\" decoding=\"async\" class=\"alignnone wp-image-6149 size-medium\" src=\"https:\/\/agora.xtec.cat\/escolamestralvilanova\/wp-content\/uploads\/usu729\/2021\/11\/SETMANA-DE-LES-ARTS-300x224.png\" alt=\"\" width=\"300\" height=\"224\" srcset=\"https:\/\/agora.xtec.cat\/escolamestralvilanova\/wp-content\/uploads\/usu729\/2021\/11\/SETMANA-DE-LES-ARTS-300x224.png 300w, https:\/\/agora.xtec.cat\/escolamestralvilanova\/wp-content\/uploads\/usu729\/2021\/11\/SETMANA-DE-LES-ARTS-200x150.png 200w, https:\/\/agora.xtec.cat\/escolamestralvilanova\/wp-content\/uploads\/usu729\/2021\/11\/SETMANA-DE-LES-ARTS.png 640w\" sizes=\"auto, (max-width: 300px) 100vw, 300px\" \/><\/a><\/p>\n","protected":false},"excerpt":{"rendered":"<p>Al llarg de la\u00a0setmana\u00a0celebrarem la IV edici\u00f3 de la nostra &#8220;Setmana\u00a0de l&#8217;art&#8221;.<br \/>\nDurant aquesta\u00a0setmana, del 08 al 15 de novembre, tots els nens i nenes de l\u2019escola participarem d&#8217;una\u00a0setmana\u00a0on la\u00a0m\u00fasica i l&#8217;expressi\u00f3 art\u00edstica\u00a0ser\u00e0 la gran protagonista.<br \/>\nAix\u00ed, durant la\u00a0setmana\u00a0realitzarem diferents activitats relacionades amb el m\u00f3n de la\u00a0m\u00fasica&hellip;  <a href=\"https:\/\/agora.xtec.cat\/escolamestralvilanova\/infantil\/iv-setmana-de-les-arts\/\" title=\"Read IV SETMANA DE LES ARTS\">Llegeix m\u00e9s\u00bb<\/a><\/p>\n","protected":false},"author":1,"featured_media":0,"comment_status":"open","ping_status":"closed","sticky":false,"template":"","format":"standard","meta":{"_bbp_topic_count":0,"_bbp_reply_count":0,"_bbp_total_topic_count":0,"_bbp_total_reply_count":0,"_bbp_voice_count":0,"_bbp_anonymous_reply_count":0,"_bbp_topic_count_hidden":0,"_bbp_reply_count_hidden":0,"_bbp_forum_subforum_count":0,"footnotes":""},"categories":[13,11,12,15,3,14,8,10,2,53,4,5],"tags":[],"class_list":["post-6148","post","type-post","status-publish","format-standard","hentry","category-cinque","category-cicle-inicial","category-tercer-quart","category-cicle-superior","category-ei3-ei4-ei5","category-ei1-ei2","category-ei4","category-ei5-primer","category-infantil","category-lespai-musical","category-portada","category-primaria"],"post_mailing_queue_ids":[],"_links":{"self":[{"href":"https:\/\/agora.xtec.cat\/escolamestralvilanova\/wp-json\/wp\/v2\/posts\/6148","targetHints":{"allow":["GET"]}}],"collection":[{"href":"https:\/\/agora.xtec.cat\/escolamestralvilanova\/wp-json\/wp\/v2\/posts"}],"about":[{"href":"https:\/\/agora.xtec.cat\/escolamestralvilanova\/wp-json\/wp\/v2\/types\/post"}],"author":[{"embeddable":true,"href":"https:\/\/agora.xtec.cat\/escolamestralvilanova\/wp-json\/wp\/v2\/users\/1"}],"replies":[{"embeddable":true,"href":"https:\/\/agora.xtec.cat\/escolamestralvilanova\/wp-json\/wp\/v2\/comments?post=6148"}],"version-history":[{"count":3,"href":"https:\/\/agora.xtec.cat\/escolamestralvilanova\/wp-json\/wp\/v2\/posts\/6148\/revisions"}],"predecessor-version":[{"id":6152,"href":"https:\/\/agora.xtec.cat\/escolamestralvilanova\/wp-json\/wp\/v2\/posts\/6148\/revisions\/6152"}],"wp:attachment":[{"href":"https:\/\/agora.xtec.cat\/escolamestralvilanova\/wp-json\/wp\/v2\/media?parent=6148"}],"wp:term":[{"taxonomy":"category","embeddable":true,"href":"https:\/\/agora.xtec.cat\/escolamestralvilanova\/wp-json\/wp\/v2\/categories?post=6148"},{"taxonomy":"post_tag","embeddable":true,"href":"https:\/\/agora.xtec.cat\/escolamestralvilanova\/wp-json\/wp\/v2\/tags?post=6148"}],"curies":[{"name":"wp","href":"https:\/\/api.w.org\/{rel}","templated":true}]}}