{"id":6142,"date":"2021-11-05T18:38:20","date_gmt":"2021-11-05T17:38:20","guid":{"rendered":"https:\/\/agora.xtec.cat\/escolamestralvilanova\/?p=6142"},"modified":"2021-11-05T18:38:29","modified_gmt":"2021-11-05T17:38:29","slug":"sortida-a-lleida-3","status":"publish","type":"post","link":"https:\/\/agora.xtec.cat\/escolamestralvilanova\/infantil\/sortida-a-lleida-3\/","title":{"rendered":"SORTIDA A LLEIDA"},"content":{"rendered":"<p>Els nens i nenes d&#8217;Educaci\u00f3 Prim\u00e0ria, juntament amb els alumnes d&#8217;EI5 hem anat d&#8217;excursi\u00f3 a Lleida.<\/p>\n<p>A fi de visitar el Centre d&#8217;Art &#8220;La Panera&#8221; i La Seu Vella.<\/p>\n<p>Ens ha agradat molt!<\/p>\n<ul>\n<li><a href=\"https:\/\/photos.google.com\/share\/AF1QipN4eXkWF4ySsmtlMhPAnPp6mrK1-UejVx0MQd5LDBnSy5DnNo6zyNA126C3DFp1Cg?key=ZjNHVVRMRWV0MVZzOWJ2YjVrOXJwYjFNZEk2RDJB\">ENLLA\u00c7 A LES FOTOGRAFIES<\/a><\/li>\n<\/ul>\n<p><a href=\"https:\/\/photos.google.com\/share\/AF1QipN4eXkWF4ySsmtlMhPAnPp6mrK1-UejVx0MQd5LDBnSy5DnNo6zyNA126C3DFp1Cg?key=ZjNHVVRMRWV0MVZzOWJ2YjVrOXJwYjFNZEk2RDJB\"><img loading=\"lazy\" decoding=\"async\" class=\"alignnone size-medium wp-image-6143\" src=\"https:\/\/agora.xtec.cat\/escolamestralvilanova\/wp-content\/uploads\/usu729\/2021\/11\/IMG_4163-225x300.jpg\" alt=\"\" width=\"225\" height=\"300\" srcset=\"https:\/\/agora.xtec.cat\/escolamestralvilanova\/wp-content\/uploads\/usu729\/2021\/11\/IMG_4163-225x300.jpg 225w, https:\/\/agora.xtec.cat\/escolamestralvilanova\/wp-content\/uploads\/usu729\/2021\/11\/IMG_4163-768x1024.jpg 768w, https:\/\/agora.xtec.cat\/escolamestralvilanova\/wp-content\/uploads\/usu729\/2021\/11\/IMG_4163.jpg 1000w\" sizes=\"auto, (max-width: 225px) 100vw, 225px\" \/><\/a><\/p>\n","protected":false},"excerpt":{"rendered":"<p>Els nens i nenes d&#8217;Educaci\u00f3 Prim\u00e0ria, juntament amb els alumnes d&#8217;EI5 hem anat d&#8217;excursi\u00f3 a Lleida.<br \/>\nA fi de visitar el Centre d&#8217;Art &#8220;La Panera&#8221; i La Seu Vella.<br \/>\nEns ha agradat molt!<\/p>\n<ul>\n<li><a href=\"https:\/\/photos.google.com\/share\/AF1QipN4eXkWF4ySsmtlMhPAnPp6mrK1-UejVx0MQd5LDBnSy5DnNo6zyNA126C3DFp1Cg?key=ZjNHVVRMRWV0MVZzOWJ2YjVrOXJwYjFNZEk2RDJB\">ENLLA\u00c7 A LES FOTOGRAFIES<\/a><\/li>\n<\/ul>\n<p><a href=\"https:\/\/photos.google.com\/share\/AF1QipN4eXkWF4ySsmtlMhPAnPp6mrK1-UejVx0MQd5LDBnSy5DnNo6zyNA126C3DFp1Cg?key=ZjNHVVRMRWV0MVZzOWJ2YjVrOXJwYjFNZEk2RDJB\"><\/a><\/p>\n","protected":false},"author":1,"featured_media":0,"comment_status":"open","ping_status":"closed","sticky":false,"template":"","format":"standard","meta":{"_bbp_topic_count":0,"_bbp_reply_count":0,"_bbp_total_topic_count":0,"_bbp_total_reply_count":0,"_bbp_voice_count":0,"_bbp_anonymous_reply_count":0,"_bbp_topic_count_hidden":0,"_bbp_reply_count_hidden":0,"_bbp_forum_subforum_count":0,"footnotes":""},"categories":[13,11,12,15,10,2,4,5],"tags":[],"class_list":["post-6142","post","type-post","status-publish","format-standard","hentry","category-cinque","category-cicle-inicial","category-tercer-quart","category-cicle-superior","category-ei5-primer","category-infantil","category-portada","category-primaria"],"post_mailing_queue_ids":[],"_links":{"self":[{"href":"https:\/\/agora.xtec.cat\/escolamestralvilanova\/wp-json\/wp\/v2\/posts\/6142","targetHints":{"allow":["GET"]}}],"collection":[{"href":"https:\/\/agora.xtec.cat\/escolamestralvilanova\/wp-json\/wp\/v2\/posts"}],"about":[{"href":"https:\/\/agora.xtec.cat\/escolamestralvilanova\/wp-json\/wp\/v2\/types\/post"}],"author":[{"embeddable":true,"href":"https:\/\/agora.xtec.cat\/escolamestralvilanova\/wp-json\/wp\/v2\/users\/1"}],"replies":[{"embeddable":true,"href":"https:\/\/agora.xtec.cat\/escolamestralvilanova\/wp-json\/wp\/v2\/comments?post=6142"}],"version-history":[{"count":1,"href":"https:\/\/agora.xtec.cat\/escolamestralvilanova\/wp-json\/wp\/v2\/posts\/6142\/revisions"}],"predecessor-version":[{"id":6144,"href":"https:\/\/agora.xtec.cat\/escolamestralvilanova\/wp-json\/wp\/v2\/posts\/6142\/revisions\/6144"}],"wp:attachment":[{"href":"https:\/\/agora.xtec.cat\/escolamestralvilanova\/wp-json\/wp\/v2\/media?parent=6142"}],"wp:term":[{"taxonomy":"category","embeddable":true,"href":"https:\/\/agora.xtec.cat\/escolamestralvilanova\/wp-json\/wp\/v2\/categories?post=6142"},{"taxonomy":"post_tag","embeddable":true,"href":"https:\/\/agora.xtec.cat\/escolamestralvilanova\/wp-json\/wp\/v2\/tags?post=6142"}],"curies":[{"name":"wp","href":"https:\/\/api.w.org\/{rel}","templated":true}]}}