{"id":6132,"date":"2021-11-04T16:56:18","date_gmt":"2021-11-04T15:56:18","guid":{"rendered":"https:\/\/agora.xtec.cat\/escolamestralvilanova\/?p=6132"},"modified":"2021-11-04T16:56:25","modified_gmt":"2021-11-04T15:56:25","slug":"proposta-amb-formes","status":"publish","type":"post","link":"https:\/\/agora.xtec.cat\/escolamestralvilanova\/infantil\/proposta-amb-formes\/","title":{"rendered":"PROPOSTA AMB FORMES"},"content":{"rendered":"<p style=\"text-align: justify;\">Aquesta setmana estem introduint les 3 principals FORMES geom\u00e8triques a l&#8217;Escoleta.<br \/>\nAhir ho vam fer jugant amb la LLUM, a trav\u00e9s de les peces magn\u00e8tiques i les peces de fusta transl\u00facides, els hi va encantar classificar-les segons les formes i fer construccions!<br \/>\nAvui, hem creat diferents PROPOSTES per racons a l&#8217;aula:<br \/>\n&#8211; Enganxos amb velcro i encaixos<br \/>\n&#8211; Resseguir la forma amb el dit sobre les sorra<br \/>\n&#8211; Jugar amb peces soltes de les formes (nadons)<\/p>\n<p>Dem\u00e0 m\u00e9s!!\u00a0<img decoding=\"async\" class=\"an1\" src=\"https:\/\/fonts.gstatic.com\/s\/e\/notoemoji\/13.1.1\/1f7e1\/32.png\" alt=\"\ud83d\udfe1\" data-emoji=\"\ud83d\udfe1\" aria-label=\"\ud83d\udfe1\" \/><img decoding=\"async\" class=\"an1\" src=\"https:\/\/fonts.gstatic.com\/s\/e\/notoemoji\/13.1.1\/1f7e6\/32.png\" alt=\"\ud83d\udfe6\" data-emoji=\"\ud83d\udfe6\" aria-label=\"\ud83d\udfe6\" \/><img decoding=\"async\" class=\"an1\" src=\"https:\/\/fonts.gstatic.com\/s\/e\/notoemoji\/13.1.1\/1f53a\/32.png\" alt=\"\ud83d\udd3a\" data-emoji=\"\ud83d\udd3a\" aria-label=\"\ud83d\udd3a\" \/><\/p>\n<ul>\n<li><a href=\"https:\/\/photos.app.goo.gl\/jBteQd1y8CDrSgSx6\">ENLLA\u00c7 A LES FOTOGRAFIES<\/a><\/li>\n<\/ul>\n<p><a href=\"https:\/\/photos.app.goo.gl\/jBteQd1y8CDrSgSx6\"><img loading=\"lazy\" decoding=\"async\" class=\"alignnone size-medium wp-image-6133\" src=\"https:\/\/agora.xtec.cat\/escolamestralvilanova\/wp-content\/uploads\/usu729\/2021\/11\/original_97a3542e-2971-4cd8-9b29-60ae6e592158_IMG_20211103_084416-300x169.jpg\" alt=\"\" width=\"300\" height=\"169\" srcset=\"https:\/\/agora.xtec.cat\/escolamestralvilanova\/wp-content\/uploads\/usu729\/2021\/11\/original_97a3542e-2971-4cd8-9b29-60ae6e592158_IMG_20211103_084416-300x169.jpg 300w, https:\/\/agora.xtec.cat\/escolamestralvilanova\/wp-content\/uploads\/usu729\/2021\/11\/original_97a3542e-2971-4cd8-9b29-60ae6e592158_IMG_20211103_084416-1024x576.jpg 1024w, https:\/\/agora.xtec.cat\/escolamestralvilanova\/wp-content\/uploads\/usu729\/2021\/11\/original_97a3542e-2971-4cd8-9b29-60ae6e592158_IMG_20211103_084416-768x432.jpg 768w, https:\/\/agora.xtec.cat\/escolamestralvilanova\/wp-content\/uploads\/usu729\/2021\/11\/original_97a3542e-2971-4cd8-9b29-60ae6e592158_IMG_20211103_084416-1536x864.jpg 1536w, https:\/\/agora.xtec.cat\/escolamestralvilanova\/wp-content\/uploads\/usu729\/2021\/11\/original_97a3542e-2971-4cd8-9b29-60ae6e592158_IMG_20211103_084416-2048x1152.jpg 2048w\" sizes=\"auto, (max-width: 300px) 100vw, 300px\" \/><\/a><\/p>\n<p>&nbsp;<\/p>\n","protected":false},"excerpt":{"rendered":"<p>Aquesta setmana estem introduint les 3 principals FORMES geom\u00e8triques a l&#8217;Escoleta.<br \/>\nAhir ho vam fer jugant amb la LLUM, a trav\u00e9s de les peces magn\u00e8tiques i les peces de fusta transl\u00facides, els hi va encantar classificar-les segons les formes i fer construccions!<br \/>\nAvui, hem creat diferents PROPOSTES&hellip;  <a href=\"https:\/\/agora.xtec.cat\/escolamestralvilanova\/infantil\/proposta-amb-formes\/\" title=\"Read PROPOSTA AMB FORMES\">Llegeix m\u00e9s\u00bb<\/a><\/p>\n","protected":false},"author":1,"featured_media":0,"comment_status":"open","ping_status":"closed","sticky":false,"template":"","format":"standard","meta":{"_bbp_topic_count":0,"_bbp_reply_count":0,"_bbp_total_topic_count":0,"_bbp_total_reply_count":0,"_bbp_voice_count":0,"_bbp_anonymous_reply_count":0,"_bbp_topic_count_hidden":0,"_bbp_reply_count_hidden":0,"_bbp_forum_subforum_count":0,"footnotes":""},"categories":[14,59,2,4],"tags":[],"class_list":["post-6132","post","type-post","status-publish","format-standard","hentry","category-ei1-ei2","category-primer-cicle-ed-infantil","category-infantil","category-portada"],"post_mailing_queue_ids":[],"_links":{"self":[{"href":"https:\/\/agora.xtec.cat\/escolamestralvilanova\/wp-json\/wp\/v2\/posts\/6132","targetHints":{"allow":["GET"]}}],"collection":[{"href":"https:\/\/agora.xtec.cat\/escolamestralvilanova\/wp-json\/wp\/v2\/posts"}],"about":[{"href":"https:\/\/agora.xtec.cat\/escolamestralvilanova\/wp-json\/wp\/v2\/types\/post"}],"author":[{"embeddable":true,"href":"https:\/\/agora.xtec.cat\/escolamestralvilanova\/wp-json\/wp\/v2\/users\/1"}],"replies":[{"embeddable":true,"href":"https:\/\/agora.xtec.cat\/escolamestralvilanova\/wp-json\/wp\/v2\/comments?post=6132"}],"version-history":[{"count":2,"href":"https:\/\/agora.xtec.cat\/escolamestralvilanova\/wp-json\/wp\/v2\/posts\/6132\/revisions"}],"predecessor-version":[{"id":6135,"href":"https:\/\/agora.xtec.cat\/escolamestralvilanova\/wp-json\/wp\/v2\/posts\/6132\/revisions\/6135"}],"wp:attachment":[{"href":"https:\/\/agora.xtec.cat\/escolamestralvilanova\/wp-json\/wp\/v2\/media?parent=6132"}],"wp:term":[{"taxonomy":"category","embeddable":true,"href":"https:\/\/agora.xtec.cat\/escolamestralvilanova\/wp-json\/wp\/v2\/categories?post=6132"},{"taxonomy":"post_tag","embeddable":true,"href":"https:\/\/agora.xtec.cat\/escolamestralvilanova\/wp-json\/wp\/v2\/tags?post=6132"}],"curies":[{"name":"wp","href":"https:\/\/api.w.org\/{rel}","templated":true}]}}