{"id":6131,"date":"2021-11-04T16:58:21","date_gmt":"2021-11-04T15:58:21","guid":{"rendered":"https:\/\/agora.xtec.cat\/escolamestralvilanova\/?p=6131"},"modified":"2021-11-04T16:58:26","modified_gmt":"2021-11-04T15:58:26","slug":"tallers-de-llengua-fem-teatre","status":"publish","type":"post","link":"https:\/\/agora.xtec.cat\/escolamestralvilanova\/general\/tallers-de-llengua-fem-teatre\/","title":{"rendered":"TALLERS DE LLENGUA: FEM TEATRE!"},"content":{"rendered":"<p style=\"text-align: justify;\">Els alumnes de cicle superior ja han finalitzat les primeres sessions dels tallers. A partir d&#8217;obres cl\u00e0ssiques han escrit unes petites obres de teatre on havien de crear el di\u00e0leg, repartir els personatges, pensar l&#8217;<i>attrezzo<\/i> i finalment fer la seva interpretaci\u00f3 davant dels companys\/es!<\/p>\n<p style=\"text-align: justify;\">Aqu\u00ed teniu una mostra de les nostres actuacions i dos v\u00eddeos on l&#8217;alumnat ha representat la seva pr\u00f2pia versi\u00f3 &#8220;Alad\u00ed&#8221;.<\/p>\n<p style=\"text-align: justify;\">Esperem que us agradi molt!<\/p>\n<ul>\n<li><a href=\"https:\/\/photos.app.goo.gl\/YjEAsuZqbjwUtjWXA\">ENLLA\u00c7 A LES FOTOGRAFIES<\/a><\/li>\n<\/ul>\n<p><a href=\"https:\/\/photos.app.goo.gl\/YjEAsuZqbjwUtjWXA\"><img loading=\"lazy\" decoding=\"async\" class=\"alignnone size-medium wp-image-6136\" src=\"https:\/\/agora.xtec.cat\/escolamestralvilanova\/wp-content\/uploads\/usu729\/2021\/11\/c84f9047-1ce0-44dc-8ebb-a9ca6ea93369-300x225.jpg\" alt=\"\" width=\"300\" height=\"225\" srcset=\"https:\/\/agora.xtec.cat\/escolamestralvilanova\/wp-content\/uploads\/usu729\/2021\/11\/c84f9047-1ce0-44dc-8ebb-a9ca6ea93369-300x225.jpg 300w, https:\/\/agora.xtec.cat\/escolamestralvilanova\/wp-content\/uploads\/usu729\/2021\/11\/c84f9047-1ce0-44dc-8ebb-a9ca6ea93369-1024x768.jpg 1024w, https:\/\/agora.xtec.cat\/escolamestralvilanova\/wp-content\/uploads\/usu729\/2021\/11\/c84f9047-1ce0-44dc-8ebb-a9ca6ea93369-768x576.jpg 768w, https:\/\/agora.xtec.cat\/escolamestralvilanova\/wp-content\/uploads\/usu729\/2021\/11\/c84f9047-1ce0-44dc-8ebb-a9ca6ea93369-1536x1152.jpg 1536w, https:\/\/agora.xtec.cat\/escolamestralvilanova\/wp-content\/uploads\/usu729\/2021\/11\/c84f9047-1ce0-44dc-8ebb-a9ca6ea93369-200x150.jpg 200w, https:\/\/agora.xtec.cat\/escolamestralvilanova\/wp-content\/uploads\/usu729\/2021\/11\/c84f9047-1ce0-44dc-8ebb-a9ca6ea93369.jpg 1600w\" sizes=\"auto, (max-width: 300px) 100vw, 300px\" \/><\/a><\/p>\n<div><\/div>\n","protected":false},"excerpt":{"rendered":"<p>Els alumnes de cicle superior ja han finalitzat les primeres sessions dels tallers. A partir d&#8217;obres cl\u00e0ssiques han escrit unes petites obres de teatre on havien de crear el di\u00e0leg, repartir els personatges, pensar l&#8217;attrezzo i finalment fer la seva interpretaci\u00f3 davant dels companys\/es!<br \/>\nAqu\u00ed teniu&hellip;  <a href=\"https:\/\/agora.xtec.cat\/escolamestralvilanova\/general\/tallers-de-llengua-fem-teatre\/\" title=\"Read TALLERS DE LLENGUA: FEM TEATRE!\">Llegeix m\u00e9s\u00bb<\/a><\/p>\n","protected":false},"author":6,"featured_media":0,"comment_status":"open","ping_status":"closed","sticky":false,"template":"","format":"standard","meta":{"_bbp_topic_count":0,"_bbp_reply_count":0,"_bbp_total_topic_count":0,"_bbp_total_reply_count":0,"_bbp_voice_count":0,"_bbp_anonymous_reply_count":0,"_bbp_topic_count_hidden":0,"_bbp_reply_count_hidden":0,"_bbp_forum_subforum_count":0,"footnotes":""},"categories":[13,15,1,4,5],"tags":[],"class_list":["post-6131","post","type-post","status-publish","format-standard","hentry","category-cinque","category-cicle-superior","category-general","category-portada","category-primaria"],"post_mailing_queue_ids":[],"_links":{"self":[{"href":"https:\/\/agora.xtec.cat\/escolamestralvilanova\/wp-json\/wp\/v2\/posts\/6131","targetHints":{"allow":["GET"]}}],"collection":[{"href":"https:\/\/agora.xtec.cat\/escolamestralvilanova\/wp-json\/wp\/v2\/posts"}],"about":[{"href":"https:\/\/agora.xtec.cat\/escolamestralvilanova\/wp-json\/wp\/v2\/types\/post"}],"author":[{"embeddable":true,"href":"https:\/\/agora.xtec.cat\/escolamestralvilanova\/wp-json\/wp\/v2\/users\/6"}],"replies":[{"embeddable":true,"href":"https:\/\/agora.xtec.cat\/escolamestralvilanova\/wp-json\/wp\/v2\/comments?post=6131"}],"version-history":[{"count":1,"href":"https:\/\/agora.xtec.cat\/escolamestralvilanova\/wp-json\/wp\/v2\/posts\/6131\/revisions"}],"predecessor-version":[{"id":6137,"href":"https:\/\/agora.xtec.cat\/escolamestralvilanova\/wp-json\/wp\/v2\/posts\/6131\/revisions\/6137"}],"wp:attachment":[{"href":"https:\/\/agora.xtec.cat\/escolamestralvilanova\/wp-json\/wp\/v2\/media?parent=6131"}],"wp:term":[{"taxonomy":"category","embeddable":true,"href":"https:\/\/agora.xtec.cat\/escolamestralvilanova\/wp-json\/wp\/v2\/categories?post=6131"},{"taxonomy":"post_tag","embeddable":true,"href":"https:\/\/agora.xtec.cat\/escolamestralvilanova\/wp-json\/wp\/v2\/tags?post=6131"}],"curies":[{"name":"wp","href":"https:\/\/api.w.org\/{rel}","templated":true}]}}