{"id":6104,"date":"2021-10-29T12:06:22","date_gmt":"2021-10-29T10:06:22","guid":{"rendered":"https:\/\/agora.xtec.cat\/escolamestralvilanova\/?p=6104"},"modified":"2021-10-29T17:10:08","modified_gmt":"2021-10-29T15:10:08","slug":"halloween-a-cinque","status":"publish","type":"post","link":"https:\/\/agora.xtec.cat\/escolamestralvilanova\/portada\/halloween-a-cinque\/","title":{"rendered":"HALLOWEEN A CINQU\u00c8"},"content":{"rendered":"<p>Els nois i noies de cinqu\u00e8, preparant llistes d&#8217;ingredients per a fer una poci\u00f3 m\u00e0gica al perol de la bruixa.<\/p>\n<p>The children at fifth grade working together on the listing of &#8220;proper ingredients&#8221; for the witch&#8217;s couldron.<\/p>\n<ul>\n<li><a href=\"https:\/\/photos.app.goo.gl\/tixo67UecaRHpDNL7\">ENLLA\u00c7 A LES FOTOGRAFIES<\/a><\/li>\n<\/ul>\n<p><a href=\"https:\/\/photos.app.goo.gl\/tixo67UecaRHpDNL7\"><img loading=\"lazy\" decoding=\"async\" class=\"alignnone size-medium wp-image-6105\" src=\"https:\/\/agora.xtec.cat\/escolamestralvilanova\/wp-content\/uploads\/usu729\/2021\/10\/3110e56d-f55c-42ee-b752-5d00006d27b8-300x183.jpg\" alt=\"\" width=\"300\" height=\"183\" srcset=\"https:\/\/agora.xtec.cat\/escolamestralvilanova\/wp-content\/uploads\/usu729\/2021\/10\/3110e56d-f55c-42ee-b752-5d00006d27b8-300x183.jpg 300w, https:\/\/agora.xtec.cat\/escolamestralvilanova\/wp-content\/uploads\/usu729\/2021\/10\/3110e56d-f55c-42ee-b752-5d00006d27b8-1024x626.jpg 1024w, https:\/\/agora.xtec.cat\/escolamestralvilanova\/wp-content\/uploads\/usu729\/2021\/10\/3110e56d-f55c-42ee-b752-5d00006d27b8-768x469.jpg 768w, https:\/\/agora.xtec.cat\/escolamestralvilanova\/wp-content\/uploads\/usu729\/2021\/10\/3110e56d-f55c-42ee-b752-5d00006d27b8-1536x939.jpg 1536w, https:\/\/agora.xtec.cat\/escolamestralvilanova\/wp-content\/uploads\/usu729\/2021\/10\/3110e56d-f55c-42ee-b752-5d00006d27b8.jpg 1600w\" sizes=\"auto, (max-width: 300px) 100vw, 300px\" \/><\/a><\/p>\n","protected":false},"excerpt":{"rendered":"<p>Els nois i noies de cinqu\u00e8, preparant llistes d&#8217;ingredients per a fer una poci\u00f3 m\u00e0gica al perol de la bruixa.<br \/>\nThe children at fifth grade working together on the listing of &#8220;proper ingredients&#8221; for the witch&#8217;s couldron.<\/p>\n<ul>\n<li><a href=\"https:\/\/photos.app.goo.gl\/tixo67UecaRHpDNL7\">ENLLA\u00c7 A LES FOTOGRAFIES<\/a><\/li>\n<\/ul>\n<p><a href=\"https:\/\/photos.app.goo.gl\/tixo67UecaRHpDNL7\"><\/a><\/p>\n","protected":false},"author":1,"featured_media":0,"comment_status":"open","ping_status":"closed","sticky":false,"template":"","format":"standard","meta":{"_bbp_topic_count":0,"_bbp_reply_count":0,"_bbp_total_topic_count":0,"_bbp_total_reply_count":0,"_bbp_voice_count":0,"_bbp_anonymous_reply_count":0,"_bbp_topic_count_hidden":0,"_bbp_reply_count_hidden":0,"_bbp_forum_subforum_count":0,"footnotes":""},"categories":[13,4,5],"tags":[],"class_list":["post-6104","post","type-post","status-publish","format-standard","hentry","category-cinque","category-portada","category-primaria"],"post_mailing_queue_ids":[],"_links":{"self":[{"href":"https:\/\/agora.xtec.cat\/escolamestralvilanova\/wp-json\/wp\/v2\/posts\/6104","targetHints":{"allow":["GET"]}}],"collection":[{"href":"https:\/\/agora.xtec.cat\/escolamestralvilanova\/wp-json\/wp\/v2\/posts"}],"about":[{"href":"https:\/\/agora.xtec.cat\/escolamestralvilanova\/wp-json\/wp\/v2\/types\/post"}],"author":[{"embeddable":true,"href":"https:\/\/agora.xtec.cat\/escolamestralvilanova\/wp-json\/wp\/v2\/users\/1"}],"replies":[{"embeddable":true,"href":"https:\/\/agora.xtec.cat\/escolamestralvilanova\/wp-json\/wp\/v2\/comments?post=6104"}],"version-history":[{"count":1,"href":"https:\/\/agora.xtec.cat\/escolamestralvilanova\/wp-json\/wp\/v2\/posts\/6104\/revisions"}],"predecessor-version":[{"id":6106,"href":"https:\/\/agora.xtec.cat\/escolamestralvilanova\/wp-json\/wp\/v2\/posts\/6104\/revisions\/6106"}],"wp:attachment":[{"href":"https:\/\/agora.xtec.cat\/escolamestralvilanova\/wp-json\/wp\/v2\/media?parent=6104"}],"wp:term":[{"taxonomy":"category","embeddable":true,"href":"https:\/\/agora.xtec.cat\/escolamestralvilanova\/wp-json\/wp\/v2\/categories?post=6104"},{"taxonomy":"post_tag","embeddable":true,"href":"https:\/\/agora.xtec.cat\/escolamestralvilanova\/wp-json\/wp\/v2\/tags?post=6104"}],"curies":[{"name":"wp","href":"https:\/\/api.w.org\/{rel}","templated":true}]}}