{"id":6088,"date":"2021-10-29T12:05:21","date_gmt":"2021-10-29T10:05:21","guid":{"rendered":"https:\/\/agora.xtec.cat\/escolamestralvilanova\/?p=6088"},"modified":"2021-10-29T12:11:18","modified_gmt":"2021-10-29T10:11:18","slug":"a-ei5-1r-iniciem-la-lectura-conjunta","status":"publish","type":"post","link":"https:\/\/agora.xtec.cat\/escolamestralvilanova\/portada\/a-ei5-1r-iniciem-la-lectura-conjunta\/","title":{"rendered":"A EI5-1r INICIEM LA LECTURA COL\u00b7LECTIVA!"},"content":{"rendered":"<p>Aquesta setmana els infants de EI5 &#8211; primer hem iniciat la lectura col\u00b7lectiva del llibre <b>L&#8217;ELMER I L&#8217;AVI EDO.<\/b><\/p>\n<p>Dedicarem v\u00e0ries sessions a treballar aquest conte tant especial. Gr\u00e0cies als Lots de lectura que en ha cedit el bibliob\u00fas cada alumne podr\u00e0 tenir el seu exemplar.<\/p>\n<p>Ens agrada molt descobrir noves hist\u00f2ries!<\/p>\n<p><a href=\"https:\/\/agora.xtec.cat\/escolamestralvilanova\/wp-content\/uploads\/usu729\/2021\/10\/9788448833107.jpg\"><img loading=\"lazy\" decoding=\"async\" class=\"alignnone size-full wp-image-6089\" src=\"https:\/\/agora.xtec.cat\/escolamestralvilanova\/wp-content\/uploads\/usu729\/2021\/10\/9788448833107.jpg\" alt=\"\" width=\"229\" height=\"257\" \/><\/a><\/p>\n","protected":false},"excerpt":{"rendered":"<p>Aquesta setmana els infants de EI5 &#8211; primer hem iniciat la lectura col\u00b7lectiva del llibre L&#8217;ELMER I L&#8217;AVI EDO.<br \/>\nDedicarem v\u00e0ries sessions a treballar aquest conte tant especial. Gr\u00e0cies als Lots de lectura que en ha cedit el bibliob\u00fas cada alumne podr\u00e0 tenir el seu exemplar.<br \/>\nEns&hellip;  <a href=\"https:\/\/agora.xtec.cat\/escolamestralvilanova\/portada\/a-ei5-1r-iniciem-la-lectura-conjunta\/\" title=\"Read A EI5-1r INICIEM LA LECTURA COL\u00b7LECTIVA!\">Llegeix m\u00e9s\u00bb<\/a><\/p>\n","protected":false},"author":6,"featured_media":0,"comment_status":"open","ping_status":"closed","sticky":false,"template":"","format":"standard","meta":{"_bbp_topic_count":0,"_bbp_reply_count":0,"_bbp_total_topic_count":0,"_bbp_total_reply_count":0,"_bbp_voice_count":0,"_bbp_anonymous_reply_count":0,"_bbp_topic_count_hidden":0,"_bbp_reply_count_hidden":0,"_bbp_forum_subforum_count":0,"footnotes":""},"categories":[10,4,5],"tags":[],"class_list":["post-6088","post","type-post","status-publish","format-standard","hentry","category-ei5-primer","category-portada","category-primaria"],"post_mailing_queue_ids":[],"_links":{"self":[{"href":"https:\/\/agora.xtec.cat\/escolamestralvilanova\/wp-json\/wp\/v2\/posts\/6088","targetHints":{"allow":["GET"]}}],"collection":[{"href":"https:\/\/agora.xtec.cat\/escolamestralvilanova\/wp-json\/wp\/v2\/posts"}],"about":[{"href":"https:\/\/agora.xtec.cat\/escolamestralvilanova\/wp-json\/wp\/v2\/types\/post"}],"author":[{"embeddable":true,"href":"https:\/\/agora.xtec.cat\/escolamestralvilanova\/wp-json\/wp\/v2\/users\/6"}],"replies":[{"embeddable":true,"href":"https:\/\/agora.xtec.cat\/escolamestralvilanova\/wp-json\/wp\/v2\/comments?post=6088"}],"version-history":[{"count":2,"href":"https:\/\/agora.xtec.cat\/escolamestralvilanova\/wp-json\/wp\/v2\/posts\/6088\/revisions"}],"predecessor-version":[{"id":6091,"href":"https:\/\/agora.xtec.cat\/escolamestralvilanova\/wp-json\/wp\/v2\/posts\/6088\/revisions\/6091"}],"wp:attachment":[{"href":"https:\/\/agora.xtec.cat\/escolamestralvilanova\/wp-json\/wp\/v2\/media?parent=6088"}],"wp:term":[{"taxonomy":"category","embeddable":true,"href":"https:\/\/agora.xtec.cat\/escolamestralvilanova\/wp-json\/wp\/v2\/categories?post=6088"},{"taxonomy":"post_tag","embeddable":true,"href":"https:\/\/agora.xtec.cat\/escolamestralvilanova\/wp-json\/wp\/v2\/tags?post=6088"}],"curies":[{"name":"wp","href":"https:\/\/api.w.org\/{rel}","templated":true}]}}