{"id":6085,"date":"2021-10-29T11:59:43","date_gmt":"2021-10-29T09:59:43","guid":{"rendered":"https:\/\/agora.xtec.cat\/escolamestralvilanova\/?p=6085"},"modified":"2021-10-29T11:59:56","modified_gmt":"2021-10-29T09:59:56","slug":"la-paula-ens-explica-un-conte","status":"publish","type":"post","link":"https:\/\/agora.xtec.cat\/escolamestralvilanova\/portada\/la-paula-ens-explica-un-conte\/","title":{"rendered":"LA PAULA ENS EXPLICA UN CONTE!"},"content":{"rendered":"<p>Aquest mat\u00ed la Paula, la nostra aprenent, ens ha explicat un conte que ens ha agrada molt anomenat: EL LLE\u00d3 I EL RATOL\u00cd<\/p>\n<p>A continuaci\u00f3 hem fet una feina relacionada amb els personatges del conte que ens ha agradat molt. A trav\u00e9s de l&#8217;escolta i la lectura de contes treballem la lectoescriptura i el gust per la lectura, aix\u00ed com deixem volar la nostra imaginaci\u00f3!<\/p>\n<p>Gr\u00e0cies Paula!<\/p>\n<p><a href=\"https:\/\/agora.xtec.cat\/escolamestralvilanova\/wp-content\/uploads\/usu729\/2021\/10\/ff3df0cd-e4cb-4f3b-9cf4-6043e9a463f1.jpg\"><img loading=\"lazy\" decoding=\"async\" class=\"alignnone wp-image-6086 size-medium\" src=\"https:\/\/agora.xtec.cat\/escolamestralvilanova\/wp-content\/uploads\/usu729\/2021\/10\/ff3df0cd-e4cb-4f3b-9cf4-6043e9a463f1-300x225.jpg\" alt=\"\" width=\"300\" height=\"225\" srcset=\"https:\/\/agora.xtec.cat\/escolamestralvilanova\/wp-content\/uploads\/usu729\/2021\/10\/ff3df0cd-e4cb-4f3b-9cf4-6043e9a463f1-300x225.jpg 300w, https:\/\/agora.xtec.cat\/escolamestralvilanova\/wp-content\/uploads\/usu729\/2021\/10\/ff3df0cd-e4cb-4f3b-9cf4-6043e9a463f1-1024x768.jpg 1024w, https:\/\/agora.xtec.cat\/escolamestralvilanova\/wp-content\/uploads\/usu729\/2021\/10\/ff3df0cd-e4cb-4f3b-9cf4-6043e9a463f1-768x576.jpg 768w, https:\/\/agora.xtec.cat\/escolamestralvilanova\/wp-content\/uploads\/usu729\/2021\/10\/ff3df0cd-e4cb-4f3b-9cf4-6043e9a463f1-1536x1152.jpg 1536w, https:\/\/agora.xtec.cat\/escolamestralvilanova\/wp-content\/uploads\/usu729\/2021\/10\/ff3df0cd-e4cb-4f3b-9cf4-6043e9a463f1-200x150.jpg 200w, https:\/\/agora.xtec.cat\/escolamestralvilanova\/wp-content\/uploads\/usu729\/2021\/10\/ff3df0cd-e4cb-4f3b-9cf4-6043e9a463f1.jpg 2048w\" sizes=\"auto, (max-width: 300px) 100vw, 300px\" \/><\/a><\/p>\n","protected":false},"excerpt":{"rendered":"<p>Aquest mat\u00ed la Paula, la nostra aprenent, ens ha explicat un conte que ens ha agrada molt anomenat: EL LLE\u00d3 I EL RATOL\u00cd<br \/>\nA continuaci\u00f3 hem fet una feina relacionada amb els personatges del conte que ens ha agradat molt. A trav\u00e9s de l&#8217;escolta i la&hellip;  <a href=\"https:\/\/agora.xtec.cat\/escolamestralvilanova\/portada\/la-paula-ens-explica-un-conte\/\" title=\"Read LA PAULA ENS EXPLICA UN CONTE!\">Llegeix m\u00e9s\u00bb<\/a><\/p>\n","protected":false},"author":6,"featured_media":0,"comment_status":"open","ping_status":"closed","sticky":false,"template":"","format":"standard","meta":{"_bbp_topic_count":0,"_bbp_reply_count":0,"_bbp_total_topic_count":0,"_bbp_total_reply_count":0,"_bbp_voice_count":0,"_bbp_anonymous_reply_count":0,"_bbp_topic_count_hidden":0,"_bbp_reply_count_hidden":0,"_bbp_forum_subforum_count":0,"footnotes":""},"categories":[10,52,4,5],"tags":[],"class_list":["post-6085","post","type-post","status-publish","format-standard","hentry","category-ei5-primer","category-llegim","category-portada","category-primaria"],"post_mailing_queue_ids":[],"_links":{"self":[{"href":"https:\/\/agora.xtec.cat\/escolamestralvilanova\/wp-json\/wp\/v2\/posts\/6085","targetHints":{"allow":["GET"]}}],"collection":[{"href":"https:\/\/agora.xtec.cat\/escolamestralvilanova\/wp-json\/wp\/v2\/posts"}],"about":[{"href":"https:\/\/agora.xtec.cat\/escolamestralvilanova\/wp-json\/wp\/v2\/types\/post"}],"author":[{"embeddable":true,"href":"https:\/\/agora.xtec.cat\/escolamestralvilanova\/wp-json\/wp\/v2\/users\/6"}],"replies":[{"embeddable":true,"href":"https:\/\/agora.xtec.cat\/escolamestralvilanova\/wp-json\/wp\/v2\/comments?post=6085"}],"version-history":[{"count":1,"href":"https:\/\/agora.xtec.cat\/escolamestralvilanova\/wp-json\/wp\/v2\/posts\/6085\/revisions"}],"predecessor-version":[{"id":6087,"href":"https:\/\/agora.xtec.cat\/escolamestralvilanova\/wp-json\/wp\/v2\/posts\/6085\/revisions\/6087"}],"wp:attachment":[{"href":"https:\/\/agora.xtec.cat\/escolamestralvilanova\/wp-json\/wp\/v2\/media?parent=6085"}],"wp:term":[{"taxonomy":"category","embeddable":true,"href":"https:\/\/agora.xtec.cat\/escolamestralvilanova\/wp-json\/wp\/v2\/categories?post=6085"},{"taxonomy":"post_tag","embeddable":true,"href":"https:\/\/agora.xtec.cat\/escolamestralvilanova\/wp-json\/wp\/v2\/tags?post=6085"}],"curies":[{"name":"wp","href":"https:\/\/api.w.org\/{rel}","templated":true}]}}