{"id":6035,"date":"2021-10-28T12:51:59","date_gmt":"2021-10-28T10:51:59","guid":{"rendered":"https:\/\/agora.xtec.cat\/escolamestralvilanova\/?p=6035"},"modified":"2021-10-28T15:27:42","modified_gmt":"2021-10-28T13:27:42","slug":"anem-a-fer-un-prego","status":"publish","type":"post","link":"https:\/\/agora.xtec.cat\/escolamestralvilanova\/general\/anem-a-fer-un-prego\/","title":{"rendered":"FEM UN PREG\u00d3"},"content":{"rendered":"<p>Avui, els nens i nenes de tercer i quart hem anat a l&#8217;Ajuntament a fer un preg\u00f3 per tal de fer difusi\u00f3 del Mercat de Tardor que es dur\u00e0 a terme el proper divendres 29 d&#8217;octubre a les 16:00 hores al pati de l&#8217;escola.<\/p>\n<p>Ens ho hem passat molt b\u00e9!<\/p>\n<p>Tamb\u00e9, donem les gr\u00e0cies al Josep, l&#8217;agutzil, per ajudar-nos!<\/p>\n<ul>\n<li><a href=\"https:\/\/photos.app.goo.gl\/WktrqJNt8nKMWSYz9\">ENLLA\u00c7 A LES FOTOGRAFIES<\/a><\/li>\n<\/ul>\n<pre><a href=\"https:\/\/photos.app.goo.gl\/wfG3vEnQk3TyMvB8A\"><img loading=\"lazy\" decoding=\"async\" class=\"alignnone size-medium wp-image-6074\" src=\"https:\/\/agora.xtec.cat\/escolamestralvilanova\/wp-content\/uploads\/usu729\/2021\/10\/video-300x166.png\" alt=\"\" width=\"300\" height=\"166\" srcset=\"https:\/\/agora.xtec.cat\/escolamestralvilanova\/wp-content\/uploads\/usu729\/2021\/10\/video-300x166.png 300w, https:\/\/agora.xtec.cat\/escolamestralvilanova\/wp-content\/uploads\/usu729\/2021\/10\/video-768x424.png 768w, https:\/\/agora.xtec.cat\/escolamestralvilanova\/wp-content\/uploads\/usu729\/2021\/10\/video.png 1000w\" sizes=\"auto, (max-width: 300px) 100vw, 300px\" \/><\/a>\r\n\r\n<em>Clica la imatge per veure el v\u00eddeo<\/em><\/pre>\n","protected":false},"excerpt":{"rendered":"<p>Avui, els nens i nenes de tercer i quart hem anat a l&#8217;Ajuntament a fer un preg\u00f3 per tal de fer difusi\u00f3 del Mercat de Tardor que es dur\u00e0 a terme el proper divendres 29 d&#8217;octubre a les 16:00 hores al pati de l&#8217;escola.<br \/>\nEns ho&hellip;  <a href=\"https:\/\/agora.xtec.cat\/escolamestralvilanova\/general\/anem-a-fer-un-prego\/\" title=\"Read FEM UN PREG\u00d3\">Llegeix m\u00e9s\u00bb<\/a><\/p>\n","protected":false},"author":1,"featured_media":0,"comment_status":"open","ping_status":"closed","sticky":false,"template":"","format":"standard","meta":{"_bbp_topic_count":0,"_bbp_reply_count":0,"_bbp_total_topic_count":0,"_bbp_total_reply_count":0,"_bbp_voice_count":0,"_bbp_anonymous_reply_count":0,"_bbp_topic_count_hidden":0,"_bbp_reply_count_hidden":0,"_bbp_forum_subforum_count":0,"footnotes":""},"categories":[12,1,4,5],"tags":[],"class_list":["post-6035","post","type-post","status-publish","format-standard","hentry","category-tercer-quart","category-general","category-portada","category-primaria"],"post_mailing_queue_ids":[],"_links":{"self":[{"href":"https:\/\/agora.xtec.cat\/escolamestralvilanova\/wp-json\/wp\/v2\/posts\/6035","targetHints":{"allow":["GET"]}}],"collection":[{"href":"https:\/\/agora.xtec.cat\/escolamestralvilanova\/wp-json\/wp\/v2\/posts"}],"about":[{"href":"https:\/\/agora.xtec.cat\/escolamestralvilanova\/wp-json\/wp\/v2\/types\/post"}],"author":[{"embeddable":true,"href":"https:\/\/agora.xtec.cat\/escolamestralvilanova\/wp-json\/wp\/v2\/users\/1"}],"replies":[{"embeddable":true,"href":"https:\/\/agora.xtec.cat\/escolamestralvilanova\/wp-json\/wp\/v2\/comments?post=6035"}],"version-history":[{"count":3,"href":"https:\/\/agora.xtec.cat\/escolamestralvilanova\/wp-json\/wp\/v2\/posts\/6035\/revisions"}],"predecessor-version":[{"id":6078,"href":"https:\/\/agora.xtec.cat\/escolamestralvilanova\/wp-json\/wp\/v2\/posts\/6035\/revisions\/6078"}],"wp:attachment":[{"href":"https:\/\/agora.xtec.cat\/escolamestralvilanova\/wp-json\/wp\/v2\/media?parent=6035"}],"wp:term":[{"taxonomy":"category","embeddable":true,"href":"https:\/\/agora.xtec.cat\/escolamestralvilanova\/wp-json\/wp\/v2\/categories?post=6035"},{"taxonomy":"post_tag","embeddable":true,"href":"https:\/\/agora.xtec.cat\/escolamestralvilanova\/wp-json\/wp\/v2\/tags?post=6035"}],"curies":[{"name":"wp","href":"https:\/\/api.w.org\/{rel}","templated":true}]}}