{"id":6032,"date":"2021-10-27T13:46:05","date_gmt":"2021-10-27T11:46:05","guid":{"rendered":"https:\/\/agora.xtec.cat\/escolamestralvilanova\/?p=6032"},"modified":"2021-10-27T13:46:09","modified_gmt":"2021-10-27T11:46:09","slug":"mercat-de-tardor-3","status":"publish","type":"post","link":"https:\/\/agora.xtec.cat\/escolamestralvilanova\/portada\/mercat-de-tardor-3\/","title":{"rendered":"MERCAT DE TARDOR"},"content":{"rendered":"<p style=\"text-align: justify;\">Us informem que el proper divendres\u00a0<strong>29\u00a0d&#8217;octubre<\/strong>\u00a0a partir\u00a0de\u00a0les\u00a0<strong>16 hores\u00a0de\u00a0la tarda<\/strong>, es realitzar\u00e0 el ja tradicional<strong>\u00a0&#8220;Mercat\u00a0de\u00a0tardor&#8221;\u00a0<\/strong>on es vendran\u00a0<strong>escultures de filferro i fulles decorades<\/strong>\u00a0que hem realitzat entre tots i totes.<\/p>\n<p style=\"text-align: justify;\">La venta anir\u00e0 a c\u00e0rrec dels alumnes\u00a0de\u00a0segon i es realitzar\u00e0 al pati\u00a0de\u00a0l&#8217;escola\u00a0<strong>a partir\u00a0de\u00a0les 16 hores.<\/strong><\/p>\n<p style=\"text-align: justify;\">La recaptaci\u00f3 es destinar\u00e0 a la subvenci\u00f3\u00a0d&#8217;activitats pedag\u00f2giques que es realitzin al llarg del curs.<\/p>\n<p style=\"text-align: justify;\">Tamb\u00e9, els nens i nenes de cinqu\u00e8 han preparat uns cartells per fer-ne difusi\u00f3!<\/p>\n<p><a href=\"https:\/\/photos.app.goo.gl\/AumY3ykkj54VeE3eA\"><img loading=\"lazy\" decoding=\"async\" class=\"alignnone size-medium wp-image-6033\" src=\"https:\/\/agora.xtec.cat\/escolamestralvilanova\/wp-content\/uploads\/usu729\/2021\/10\/Imatge8-300x158.png\" alt=\"\" width=\"300\" height=\"158\" srcset=\"https:\/\/agora.xtec.cat\/escolamestralvilanova\/wp-content\/uploads\/usu729\/2021\/10\/Imatge8-300x158.png 300w, https:\/\/agora.xtec.cat\/escolamestralvilanova\/wp-content\/uploads\/usu729\/2021\/10\/Imatge8-1024x540.png 1024w, https:\/\/agora.xtec.cat\/escolamestralvilanova\/wp-content\/uploads\/usu729\/2021\/10\/Imatge8-768x405.png 768w, https:\/\/agora.xtec.cat\/escolamestralvilanova\/wp-content\/uploads\/usu729\/2021\/10\/Imatge8-1536x810.png 1536w, https:\/\/agora.xtec.cat\/escolamestralvilanova\/wp-content\/uploads\/usu729\/2021\/10\/Imatge8.png 1924w\" sizes=\"auto, (max-width: 300px) 100vw, 300px\" \/><\/a><\/p>\n<p>&nbsp;<\/p>\n","protected":false},"excerpt":{"rendered":"<p>Us informem que el proper divendres\u00a029\u00a0d&#8217;octubre\u00a0a partir\u00a0de\u00a0les\u00a016 hores\u00a0de\u00a0la tarda, es realitzar\u00e0 el ja tradicional\u00a0&#8220;Mercat\u00a0de\u00a0tardor&#8221;\u00a0on es vendran\u00a0escultures de filferro i fulles decorades\u00a0que hem realitzat entre tots i totes.<br \/>\nLa venta anir\u00e0 a c\u00e0rrec dels alumnes\u00a0de\u00a0segon i es realitzar\u00e0 al pati\u00a0de\u00a0l&#8217;escola\u00a0a partir\u00a0de\u00a0les 16 hores.<br \/>\nLa recaptaci\u00f3 es destinar\u00e0 a&hellip;  <a href=\"https:\/\/agora.xtec.cat\/escolamestralvilanova\/portada\/mercat-de-tardor-3\/\" title=\"Read MERCAT DE TARDOR\">Llegeix m\u00e9s\u00bb<\/a><\/p>\n","protected":false},"author":1,"featured_media":0,"comment_status":"open","ping_status":"closed","sticky":false,"template":"","format":"standard","meta":{"_bbp_topic_count":0,"_bbp_reply_count":0,"_bbp_total_topic_count":0,"_bbp_total_reply_count":0,"_bbp_voice_count":0,"_bbp_anonymous_reply_count":0,"_bbp_topic_count_hidden":0,"_bbp_reply_count_hidden":0,"_bbp_forum_subforum_count":0,"footnotes":""},"categories":[13,4,5],"tags":[],"class_list":["post-6032","post","type-post","status-publish","format-standard","hentry","category-cinque","category-portada","category-primaria"],"post_mailing_queue_ids":[],"_links":{"self":[{"href":"https:\/\/agora.xtec.cat\/escolamestralvilanova\/wp-json\/wp\/v2\/posts\/6032","targetHints":{"allow":["GET"]}}],"collection":[{"href":"https:\/\/agora.xtec.cat\/escolamestralvilanova\/wp-json\/wp\/v2\/posts"}],"about":[{"href":"https:\/\/agora.xtec.cat\/escolamestralvilanova\/wp-json\/wp\/v2\/types\/post"}],"author":[{"embeddable":true,"href":"https:\/\/agora.xtec.cat\/escolamestralvilanova\/wp-json\/wp\/v2\/users\/1"}],"replies":[{"embeddable":true,"href":"https:\/\/agora.xtec.cat\/escolamestralvilanova\/wp-json\/wp\/v2\/comments?post=6032"}],"version-history":[{"count":1,"href":"https:\/\/agora.xtec.cat\/escolamestralvilanova\/wp-json\/wp\/v2\/posts\/6032\/revisions"}],"predecessor-version":[{"id":6034,"href":"https:\/\/agora.xtec.cat\/escolamestralvilanova\/wp-json\/wp\/v2\/posts\/6032\/revisions\/6034"}],"wp:attachment":[{"href":"https:\/\/agora.xtec.cat\/escolamestralvilanova\/wp-json\/wp\/v2\/media?parent=6032"}],"wp:term":[{"taxonomy":"category","embeddable":true,"href":"https:\/\/agora.xtec.cat\/escolamestralvilanova\/wp-json\/wp\/v2\/categories?post=6032"},{"taxonomy":"post_tag","embeddable":true,"href":"https:\/\/agora.xtec.cat\/escolamestralvilanova\/wp-json\/wp\/v2\/tags?post=6032"}],"curies":[{"name":"wp","href":"https:\/\/api.w.org\/{rel}","templated":true}]}}