{"id":6028,"date":"2021-10-27T13:27:24","date_gmt":"2021-10-27T11:27:24","guid":{"rendered":"https:\/\/agora.xtec.cat\/escolamestralvilanova\/?p=6028"},"modified":"2021-10-27T13:27:50","modified_gmt":"2021-10-27T11:27:50","slug":"la-tardor","status":"publish","type":"post","link":"https:\/\/agora.xtec.cat\/escolamestralvilanova\/infantil\/la-tardor\/","title":{"rendered":"LA TARDOR"},"content":{"rendered":"<p style=\"text-align: justify;\">Durant aquests dies a la classe de EI3-EI4 hem estat treballant els fruits de la tardor.<\/p>\n<p style=\"text-align: justify;\">Alguns com la carbassa, la nou&#8230;ja els coneixem per\u00f2 d&#8217;altres com la magrana i el caqui han sigut tot un descobriment.<\/p>\n<p style=\"text-align: justify;\">Hem observat les seves caracter\u00edstiques com el color, la mida, la textura&#8230;hem fet la relaci\u00f3 amb targetes visuals i tamb\u00e9 hem fet estampaci\u00f3 amb ells, obtenint com a resultat un mural dels fruits i colors de la tardor.<\/p>\n<p style=\"text-align: justify;\">Ara ja tenim clar que el groc, el vermell, el taronja i el vermell s\u00f3n els colors de la tardor!<\/p>\n<ul>\n<li><a href=\"https:\/\/photos.app.goo.gl\/pPokYyqcuwdzkdpt7\">ENLLA\u00c7 A LES FOTOGRAFIES<\/a><\/li>\n<\/ul>\n<div><\/div>\n<div><a href=\"https:\/\/photos.app.goo.gl\/pPokYyqcuwdzkdpt7\"><img loading=\"lazy\" decoding=\"async\" class=\"alignnone size-medium wp-image-6029\" src=\"https:\/\/agora.xtec.cat\/escolamestralvilanova\/wp-content\/uploads\/usu729\/2021\/10\/IMG_20211022_153236-300x225.jpg\" alt=\"\" width=\"300\" height=\"225\" srcset=\"https:\/\/agora.xtec.cat\/escolamestralvilanova\/wp-content\/uploads\/usu729\/2021\/10\/IMG_20211022_153236-300x225.jpg 300w, https:\/\/agora.xtec.cat\/escolamestralvilanova\/wp-content\/uploads\/usu729\/2021\/10\/IMG_20211022_153236-1024x769.jpg 1024w, https:\/\/agora.xtec.cat\/escolamestralvilanova\/wp-content\/uploads\/usu729\/2021\/10\/IMG_20211022_153236-768x577.jpg 768w, https:\/\/agora.xtec.cat\/escolamestralvilanova\/wp-content\/uploads\/usu729\/2021\/10\/IMG_20211022_153236-1536x1153.jpg 1536w, https:\/\/agora.xtec.cat\/escolamestralvilanova\/wp-content\/uploads\/usu729\/2021\/10\/IMG_20211022_153236-2048x1538.jpg 2048w, https:\/\/agora.xtec.cat\/escolamestralvilanova\/wp-content\/uploads\/usu729\/2021\/10\/IMG_20211022_153236-200x150.jpg 200w\" sizes=\"auto, (max-width: 300px) 100vw, 300px\" \/><\/a><\/div>\n<div dir=\"ltr\">\n<div><\/div>\n<\/div>\n","protected":false},"excerpt":{"rendered":"<p>Durant aquests dies a la classe de EI3-EI4 hem estat treballant els fruits de la tardor.<br \/>\nAlguns com la carbassa, la nou&#8230;ja els coneixem per\u00f2 d&#8217;altres com la magrana i el caqui han sigut tot un descobriment.<br \/>\nHem observat les seves caracter\u00edstiques com el color, la mida,&hellip;  <a href=\"https:\/\/agora.xtec.cat\/escolamestralvilanova\/infantil\/la-tardor\/\" title=\"Read LA TARDOR\">Llegeix m\u00e9s\u00bb<\/a><\/p>\n","protected":false},"author":1,"featured_media":0,"comment_status":"open","ping_status":"closed","sticky":false,"template":"","format":"standard","meta":{"_bbp_topic_count":0,"_bbp_reply_count":0,"_bbp_total_topic_count":0,"_bbp_total_reply_count":0,"_bbp_voice_count":0,"_bbp_anonymous_reply_count":0,"_bbp_topic_count_hidden":0,"_bbp_reply_count_hidden":0,"_bbp_forum_subforum_count":0,"footnotes":""},"categories":[3,8,2,4],"tags":[],"class_list":["post-6028","post","type-post","status-publish","format-standard","hentry","category-ei3-ei4-ei5","category-ei4","category-infantil","category-portada"],"post_mailing_queue_ids":[],"_links":{"self":[{"href":"https:\/\/agora.xtec.cat\/escolamestralvilanova\/wp-json\/wp\/v2\/posts\/6028","targetHints":{"allow":["GET"]}}],"collection":[{"href":"https:\/\/agora.xtec.cat\/escolamestralvilanova\/wp-json\/wp\/v2\/posts"}],"about":[{"href":"https:\/\/agora.xtec.cat\/escolamestralvilanova\/wp-json\/wp\/v2\/types\/post"}],"author":[{"embeddable":true,"href":"https:\/\/agora.xtec.cat\/escolamestralvilanova\/wp-json\/wp\/v2\/users\/1"}],"replies":[{"embeddable":true,"href":"https:\/\/agora.xtec.cat\/escolamestralvilanova\/wp-json\/wp\/v2\/comments?post=6028"}],"version-history":[{"count":2,"href":"https:\/\/agora.xtec.cat\/escolamestralvilanova\/wp-json\/wp\/v2\/posts\/6028\/revisions"}],"predecessor-version":[{"id":6031,"href":"https:\/\/agora.xtec.cat\/escolamestralvilanova\/wp-json\/wp\/v2\/posts\/6028\/revisions\/6031"}],"wp:attachment":[{"href":"https:\/\/agora.xtec.cat\/escolamestralvilanova\/wp-json\/wp\/v2\/media?parent=6028"}],"wp:term":[{"taxonomy":"category","embeddable":true,"href":"https:\/\/agora.xtec.cat\/escolamestralvilanova\/wp-json\/wp\/v2\/categories?post=6028"},{"taxonomy":"post_tag","embeddable":true,"href":"https:\/\/agora.xtec.cat\/escolamestralvilanova\/wp-json\/wp\/v2\/tags?post=6028"}],"curies":[{"name":"wp","href":"https:\/\/api.w.org\/{rel}","templated":true}]}}