{"id":6016,"date":"2021-10-27T12:47:01","date_gmt":"2021-10-27T10:47:01","guid":{"rendered":"https:\/\/agora.xtec.cat\/escolamestralvilanova\/?p=6016"},"modified":"2021-10-27T12:52:49","modified_gmt":"2021-10-27T10:52:49","slug":"visitem-el-forn-marti","status":"publish","type":"post","link":"https:\/\/agora.xtec.cat\/escolamestralvilanova\/portada\/visitem-el-forn-marti\/","title":{"rendered":"VISITEM EL FORN MART\u00cd!"},"content":{"rendered":"<p>Aquest mat\u00ed, els infants de Ei5 &#8211; 1r i 2n, hem visitat el Forn Mart\u00ed de Vilanova de la Barca. All\u00e0 ens han pogut coure els nostres panellets i l&#8217;Adri\u00e0 han explicat el funionament de l\u2019obrador.<\/p>\n<p>Ens ha encatat la visita i estem molt agra\u00efts!<\/p>\n<ul>\n<li><a href=\"https:\/\/photos.app.goo.gl\/N92kqp3Rq1gFtXzt7\">ENLLA\u00c7 A LES FOTOGRAFIES<\/a><\/li>\n<\/ul>\n<p><a href=\"https:\/\/agora.xtec.cat\/escolamestralvilanova\/wp-content\/uploads\/usu729\/2021\/10\/IMG-3566.jpg\"><img loading=\"lazy\" decoding=\"async\" class=\"alignnone wp-image-6017 size-full\" src=\"https:\/\/agora.xtec.cat\/escolamestralvilanova\/wp-content\/uploads\/usu729\/2021\/10\/IMG-3566.jpg\" alt=\"\" width=\"1024\" height=\"768\" srcset=\"https:\/\/agora.xtec.cat\/escolamestralvilanova\/wp-content\/uploads\/usu729\/2021\/10\/IMG-3566.jpg 1024w, https:\/\/agora.xtec.cat\/escolamestralvilanova\/wp-content\/uploads\/usu729\/2021\/10\/IMG-3566-300x225.jpg 300w, https:\/\/agora.xtec.cat\/escolamestralvilanova\/wp-content\/uploads\/usu729\/2021\/10\/IMG-3566-768x576.jpg 768w, https:\/\/agora.xtec.cat\/escolamestralvilanova\/wp-content\/uploads\/usu729\/2021\/10\/IMG-3566-200x150.jpg 200w\" sizes=\"auto, (max-width: 1024px) 100vw, 1024px\" \/><\/a><\/p>\n<p>&nbsp;<\/p>\n","protected":false},"excerpt":{"rendered":"<p>Aquest mat\u00ed, els infants de Ei5 &#8211; 1r i 2n, hem visitat el Forn Mart\u00ed de Vilanova de la Barca. All\u00e0 ens han pogut coure els nostres panellets i l&#8217;Adri\u00e0 han explicat el funionament de l\u2019obrador.<br \/>\nEns ha encatat la visita i estem molt agra\u00efts!<\/p>\n<ul>\n<li><a href=\"https:\/\/photos.app.goo.gl\/N92kqp3Rq1gFtXzt7\">ENLLA\u00c7&hellip;  <a href=\"https:\/\/agora.xtec.cat\/escolamestralvilanova\/portada\/visitem-el-forn-marti\/\" title=\"Read VISITEM EL FORN MART\u00cd!\">Llegeix m\u00e9s\u00bb<\/a><br \/>\n","protected":false},"author":6,"featured_media":0,"comment_status":"open","ping_status":"closed","sticky":false,"template":"","format":"standard","meta":{"_bbp_topic_count":0,"_bbp_reply_count":0,"_bbp_total_topic_count":0,"_bbp_total_reply_count":0,"_bbp_voice_count":0,"_bbp_anonymous_reply_count":0,"_bbp_topic_count_hidden":0,"_bbp_reply_count_hidden":0,"_bbp_forum_subforum_count":0,"footnotes":""},"categories":[11,10,4,5],"tags":[],"class_list":["post-6016","post","type-post","status-publish","format-standard","hentry","category-cicle-inicial","category-ei5-primer","category-portada","category-primaria"],"post_mailing_queue_ids":[],"_links":{"self":[{"href":"https:\/\/agora.xtec.cat\/escolamestralvilanova\/wp-json\/wp\/v2\/posts\/6016","targetHints":{"allow":["GET"]}}],"collection":[{"href":"https:\/\/agora.xtec.cat\/escolamestralvilanova\/wp-json\/wp\/v2\/posts"}],"about":[{"href":"https:\/\/agora.xtec.cat\/escolamestralvilanova\/wp-json\/wp\/v2\/types\/post"}],"author":[{"embeddable":true,"href":"https:\/\/agora.xtec.cat\/escolamestralvilanova\/wp-json\/wp\/v2\/users\/6"}],"replies":[{"embeddable":true,"href":"https:\/\/agora.xtec.cat\/escolamestralvilanova\/wp-json\/wp\/v2\/comments?post=6016"}],"version-history":[{"count":3,"href":"https:\/\/agora.xtec.cat\/escolamestralvilanova\/wp-json\/wp\/v2\/posts\/6016\/revisions"}],"predecessor-version":[{"id":6020,"href":"https:\/\/agora.xtec.cat\/escolamestralvilanova\/wp-json\/wp\/v2\/posts\/6016\/revisions\/6020"}],"wp:attachment":[{"href":"https:\/\/agora.xtec.cat\/escolamestralvilanova\/wp-json\/wp\/v2\/media?parent=6016"}],"wp:term":[{"taxonomy":"category","embeddable":true,"href":"https:\/\/agora.xtec.cat\/escolamestralvilanova\/wp-json\/wp\/v2\/categories?post=6016"},{"taxonomy":"post_tag","embeddable":true,"href":"https:\/\/agora.xtec.cat\/escolamestralvilanova\/wp-json\/wp\/v2\/tags?post=6016"}],"curies":[{"name":"wp","href":"https:\/\/api.w.org\/{rel}","templated":true}]}}