{"id":6008,"date":"2021-10-27T08:45:37","date_gmt":"2021-10-27T06:45:37","guid":{"rendered":"https:\/\/agora.xtec.cat\/escolamestralvilanova\/?p=6008"},"modified":"2021-10-26T21:18:25","modified_gmt":"2021-10-26T19:18:25","slug":"conte-labracada","status":"publish","type":"post","link":"https:\/\/agora.xtec.cat\/escolamestralvilanova\/infantil\/conte-labracada\/","title":{"rendered":"CONTE &#8220;L&#8217;ABRA\u00c7ADA&#8221;"},"content":{"rendered":"<p style=\"text-align: justify;\">Aquests dies hem estat explicant aquest conte 2 en 1 que tracta les emocions de l&#8217;eri\u00e7\u00f3 i la tortuga, dos animalets que volen una abra\u00e7ada i ning\u00fa els hi vol donar.<\/p>\n<p style=\"text-align: justify;\">Despr\u00e9s d&#8217;explicar-lo, els hi hem dit als infants si es volien abra\u00e7ar i alguns ho han fet. Tamb\u00e9 els hi hem preguntat a qui donaven abra\u00e7ades i hem aprofitat per compartir emocions, com fem habitualment.<\/p>\n<p style=\"text-align: justify;\">Anirem fullejant el conte al rac\u00f3 de les emocions que tenim a l&#8217;aula.<\/p>\n<p style=\"text-align: justify;\">Per \u00faltim, amb fang, bastonets i cargolines han creat el seu eri\u00e7\u00f3! Els m\u00e9s petits han fet una composici\u00f3 lliure amb aquests elements! <img decoding=\"async\" class=\"an1\" src=\"https:\/\/fonts.gstatic.com\/s\/e\/notoemoji\/13.1.1\/1f64c\/72.png\" alt=\"\ud83d\ude4c\" data-emoji=\"\ud83d\ude4c\" aria-label=\"\ud83d\ude4c\" \/><\/p>\n<ul>\n<li><a href=\"https:\/\/photos.app.goo.gl\/uBdrnwPK1AEeSEea9\">ENLLA\u00c7 A LES FOTOGRAFIES<\/a><\/li>\n<\/ul>\n<p><img loading=\"lazy\" decoding=\"async\" class=\"alignnone size-medium wp-image-6009\" src=\"https:\/\/agora.xtec.cat\/escolamestralvilanova\/wp-content\/uploads\/usu729\/2021\/10\/PHOTO-2021-10-26-15-55-06-169x300.jpg\" alt=\"\" width=\"169\" height=\"300\" srcset=\"https:\/\/agora.xtec.cat\/escolamestralvilanova\/wp-content\/uploads\/usu729\/2021\/10\/PHOTO-2021-10-26-15-55-06-169x300.jpg 169w, https:\/\/agora.xtec.cat\/escolamestralvilanova\/wp-content\/uploads\/usu729\/2021\/10\/PHOTO-2021-10-26-15-55-06-576x1024.jpg 576w, https:\/\/agora.xtec.cat\/escolamestralvilanova\/wp-content\/uploads\/usu729\/2021\/10\/PHOTO-2021-10-26-15-55-06-768x1366.jpg 768w, https:\/\/agora.xtec.cat\/escolamestralvilanova\/wp-content\/uploads\/usu729\/2021\/10\/PHOTO-2021-10-26-15-55-06-864x1536.jpg 864w, https:\/\/agora.xtec.cat\/escolamestralvilanova\/wp-content\/uploads\/usu729\/2021\/10\/PHOTO-2021-10-26-15-55-06.jpg 899w\" sizes=\"auto, (max-width: 169px) 100vw, 169px\" \/><\/p>\n<div class=\"yj6qo\"><\/div>\n","protected":false},"excerpt":{"rendered":"<p>Aquests dies hem estat explicant aquest conte 2 en 1 que tracta les emocions de l&#8217;eri\u00e7\u00f3 i la tortuga, dos animalets que volen una abra\u00e7ada i ning\u00fa els hi vol donar.<br \/>\nDespr\u00e9s d&#8217;explicar-lo, els hi hem dit als infants si es volien abra\u00e7ar i alguns ho&hellip;  <a href=\"https:\/\/agora.xtec.cat\/escolamestralvilanova\/infantil\/conte-labracada\/\" title=\"Read CONTE &#8220;L&#8217;ABRA\u00c7ADA&#8221;\">Llegeix m\u00e9s\u00bb<\/a><\/p>\n","protected":false},"author":1,"featured_media":0,"comment_status":"open","ping_status":"closed","sticky":false,"template":"","format":"standard","meta":{"_bbp_topic_count":0,"_bbp_reply_count":0,"_bbp_total_topic_count":0,"_bbp_total_reply_count":0,"_bbp_voice_count":0,"_bbp_anonymous_reply_count":0,"_bbp_topic_count_hidden":0,"_bbp_reply_count_hidden":0,"_bbp_forum_subforum_count":0,"footnotes":""},"categories":[14,59,2,4],"tags":[],"class_list":["post-6008","post","type-post","status-publish","format-standard","hentry","category-ei1-ei2","category-primer-cicle-ed-infantil","category-infantil","category-portada"],"post_mailing_queue_ids":[],"_links":{"self":[{"href":"https:\/\/agora.xtec.cat\/escolamestralvilanova\/wp-json\/wp\/v2\/posts\/6008","targetHints":{"allow":["GET"]}}],"collection":[{"href":"https:\/\/agora.xtec.cat\/escolamestralvilanova\/wp-json\/wp\/v2\/posts"}],"about":[{"href":"https:\/\/agora.xtec.cat\/escolamestralvilanova\/wp-json\/wp\/v2\/types\/post"}],"author":[{"embeddable":true,"href":"https:\/\/agora.xtec.cat\/escolamestralvilanova\/wp-json\/wp\/v2\/users\/1"}],"replies":[{"embeddable":true,"href":"https:\/\/agora.xtec.cat\/escolamestralvilanova\/wp-json\/wp\/v2\/comments?post=6008"}],"version-history":[{"count":2,"href":"https:\/\/agora.xtec.cat\/escolamestralvilanova\/wp-json\/wp\/v2\/posts\/6008\/revisions"}],"predecessor-version":[{"id":6011,"href":"https:\/\/agora.xtec.cat\/escolamestralvilanova\/wp-json\/wp\/v2\/posts\/6008\/revisions\/6011"}],"wp:attachment":[{"href":"https:\/\/agora.xtec.cat\/escolamestralvilanova\/wp-json\/wp\/v2\/media?parent=6008"}],"wp:term":[{"taxonomy":"category","embeddable":true,"href":"https:\/\/agora.xtec.cat\/escolamestralvilanova\/wp-json\/wp\/v2\/categories?post=6008"},{"taxonomy":"post_tag","embeddable":true,"href":"https:\/\/agora.xtec.cat\/escolamestralvilanova\/wp-json\/wp\/v2\/tags?post=6008"}],"curies":[{"name":"wp","href":"https:\/\/api.w.org\/{rel}","templated":true}]}}