{"id":6003,"date":"2021-10-25T16:43:48","date_gmt":"2021-10-25T14:43:48","guid":{"rendered":"https:\/\/agora.xtec.cat\/escolamestralvilanova\/?p=6003"},"modified":"2021-10-25T16:44:54","modified_gmt":"2021-10-25T14:44:54","slug":"capsa-de-vida","status":"publish","type":"post","link":"https:\/\/agora.xtec.cat\/escolamestralvilanova\/infantil\/capsa-de-vida\/","title":{"rendered":"CAPSA DE VIDA"},"content":{"rendered":"<p style=\"text-align: justify;\">Iniciem la proposta capsa de vida, a partir del conte &#8220;El Fil Invisible&#8221;, el qual parla dels vincles emocionals.<\/p>\n<p style=\"text-align: justify;\">Cada setmana un infant portar\u00e0 una capsa amb elements significatius per a ell que haur\u00e0 escollit amb l&#8217;ajuda de la seva fam\u00edlia.<\/p>\n<p style=\"text-align: justify;\">Avui ha estat el torn del Leo! Dins la capsa hi portava: un porta-xumets, cotxets que li encanten, fotos de la seva fam\u00edlia (on ens ha explicat qui era cada membre) i el conte interactiu &#8220;Bon dia&#8221; que hem explicat a tots\/es i amb el qual hi hem estat jugant de valent!<\/p>\n<p style=\"text-align: justify;\">Moltes gr\u00e0cies fam\u00edlia!<\/p>\n<ul>\n<li><a href=\"https:\/\/photos.app.goo.gl\/bHo6hXum5wU6iKx37\">ENLLA\u00c7 A LES FOTOGRAFIES<\/a><\/li>\n<\/ul>\n<p><img loading=\"lazy\" decoding=\"async\" class=\"alignnone size-medium wp-image-6004\" src=\"https:\/\/agora.xtec.cat\/escolamestralvilanova\/wp-content\/uploads\/usu729\/2021\/10\/PHOTO-2021-10-25-15-10-35-169x300.jpg\" alt=\"\" width=\"169\" height=\"300\" srcset=\"https:\/\/agora.xtec.cat\/escolamestralvilanova\/wp-content\/uploads\/usu729\/2021\/10\/PHOTO-2021-10-25-15-10-35-169x300.jpg 169w, https:\/\/agora.xtec.cat\/escolamestralvilanova\/wp-content\/uploads\/usu729\/2021\/10\/PHOTO-2021-10-25-15-10-35-576x1024.jpg 576w, https:\/\/agora.xtec.cat\/escolamestralvilanova\/wp-content\/uploads\/usu729\/2021\/10\/PHOTO-2021-10-25-15-10-35-768x1366.jpg 768w, https:\/\/agora.xtec.cat\/escolamestralvilanova\/wp-content\/uploads\/usu729\/2021\/10\/PHOTO-2021-10-25-15-10-35-864x1536.jpg 864w, https:\/\/agora.xtec.cat\/escolamestralvilanova\/wp-content\/uploads\/usu729\/2021\/10\/PHOTO-2021-10-25-15-10-35.jpg 899w\" sizes=\"auto, (max-width: 169px) 100vw, 169px\" \/><\/p>\n","protected":false},"excerpt":{"rendered":"<p>Iniciem la proposta capsa de vida, a partir del conte &#8220;El Fil Invisible&#8221;, el qual parla dels vincles emocionals.<br \/>\nCada setmana un infant portar\u00e0 una capsa amb elements significatius per a ell que haur\u00e0 escollit amb l&#8217;ajuda de la seva fam\u00edlia.<br \/>\nAvui ha estat el torn del&hellip;  <a href=\"https:\/\/agora.xtec.cat\/escolamestralvilanova\/infantil\/capsa-de-vida\/\" title=\"Read CAPSA DE VIDA\">Llegeix m\u00e9s\u00bb<\/a><\/p>\n","protected":false},"author":1,"featured_media":0,"comment_status":"open","ping_status":"closed","sticky":false,"template":"","format":"standard","meta":{"_bbp_topic_count":0,"_bbp_reply_count":0,"_bbp_total_topic_count":0,"_bbp_total_reply_count":0,"_bbp_voice_count":0,"_bbp_anonymous_reply_count":0,"_bbp_topic_count_hidden":0,"_bbp_reply_count_hidden":0,"_bbp_forum_subforum_count":0,"footnotes":""},"categories":[14,59,2,4],"tags":[],"class_list":["post-6003","post","type-post","status-publish","format-standard","hentry","category-ei1-ei2","category-primer-cicle-ed-infantil","category-infantil","category-portada"],"post_mailing_queue_ids":[],"_links":{"self":[{"href":"https:\/\/agora.xtec.cat\/escolamestralvilanova\/wp-json\/wp\/v2\/posts\/6003","targetHints":{"allow":["GET"]}}],"collection":[{"href":"https:\/\/agora.xtec.cat\/escolamestralvilanova\/wp-json\/wp\/v2\/posts"}],"about":[{"href":"https:\/\/agora.xtec.cat\/escolamestralvilanova\/wp-json\/wp\/v2\/types\/post"}],"author":[{"embeddable":true,"href":"https:\/\/agora.xtec.cat\/escolamestralvilanova\/wp-json\/wp\/v2\/users\/1"}],"replies":[{"embeddable":true,"href":"https:\/\/agora.xtec.cat\/escolamestralvilanova\/wp-json\/wp\/v2\/comments?post=6003"}],"version-history":[{"count":3,"href":"https:\/\/agora.xtec.cat\/escolamestralvilanova\/wp-json\/wp\/v2\/posts\/6003\/revisions"}],"predecessor-version":[{"id":6007,"href":"https:\/\/agora.xtec.cat\/escolamestralvilanova\/wp-json\/wp\/v2\/posts\/6003\/revisions\/6007"}],"wp:attachment":[{"href":"https:\/\/agora.xtec.cat\/escolamestralvilanova\/wp-json\/wp\/v2\/media?parent=6003"}],"wp:term":[{"taxonomy":"category","embeddable":true,"href":"https:\/\/agora.xtec.cat\/escolamestralvilanova\/wp-json\/wp\/v2\/categories?post=6003"},{"taxonomy":"post_tag","embeddable":true,"href":"https:\/\/agora.xtec.cat\/escolamestralvilanova\/wp-json\/wp\/v2\/tags?post=6003"}],"curies":[{"name":"wp","href":"https:\/\/api.w.org\/{rel}","templated":true}]}}