{"id":5937,"date":"2021-10-15T13:19:50","date_gmt":"2021-10-15T11:19:50","guid":{"rendered":"https:\/\/agora.xtec.cat\/escolamestralvilanova\/?p=5937"},"modified":"2021-10-15T13:19:56","modified_gmt":"2021-10-15T11:19:56","slug":"art-truck","status":"publish","type":"post","link":"https:\/\/agora.xtec.cat\/escolamestralvilanova\/general\/art-truck\/","title":{"rendered":"ART TRUCK"},"content":{"rendered":"<p>A l&#8217;espai del menjador durant aquesta setmana hem iniciat el projecte <strong>&#8220;art truck&#8221;<\/strong>.<\/p>\n<p>Per la qual cosa, durant aquests dies hem comptat amb un nou espai, una caravana, per tal de dinamitzar les estones de menjador. Aquesta caravana, equipada amb tot tipus de material art\u00edstic, ha perm\u00e8s als nens i nenes usu\u00e0ries del menjador desenvolupar les seves creacions.<\/p>\n<p>Ens ha agradat molt!<\/p>\n<ul>\n<li><a href=\"https:\/\/photos.app.goo.gl\/yCmbFMuJR94QERv27\">ENLLA\u00c7 A LES FOTOGRAFIES<\/a><\/li>\n<\/ul>\n<p><a href=\"https:\/\/photos.app.goo.gl\/yCmbFMuJR94QERv27\"><img loading=\"lazy\" decoding=\"async\" class=\"alignnone size-medium wp-image-5939\" src=\"https:\/\/agora.xtec.cat\/escolamestralvilanova\/wp-content\/uploads\/usu729\/2021\/10\/IMG_3197-300x225.jpg\" alt=\"\" width=\"300\" height=\"225\" srcset=\"https:\/\/agora.xtec.cat\/escolamestralvilanova\/wp-content\/uploads\/usu729\/2021\/10\/IMG_3197-300x225.jpg 300w, https:\/\/agora.xtec.cat\/escolamestralvilanova\/wp-content\/uploads\/usu729\/2021\/10\/IMG_3197-200x150.jpg 200w, https:\/\/agora.xtec.cat\/escolamestralvilanova\/wp-content\/uploads\/usu729\/2021\/10\/IMG_3197.jpg 640w\" sizes=\"auto, (max-width: 300px) 100vw, 300px\" \/><\/a><\/p>\n","protected":false},"excerpt":{"rendered":"<p>A l&#8217;espai del menjador durant aquesta setmana hem iniciat el projecte &#8220;art truck&#8221;.<br \/>\nPer la qual cosa, durant aquests dies hem comptat amb un nou espai, una caravana, per tal de dinamitzar les estones de menjador. Aquesta caravana, equipada amb tot tipus de material art\u00edstic, ha&hellip;  <a href=\"https:\/\/agora.xtec.cat\/escolamestralvilanova\/general\/art-truck\/\" title=\"Read ART TRUCK\">Llegeix m\u00e9s\u00bb<\/a><\/p>\n","protected":false},"author":1,"featured_media":0,"comment_status":"open","ping_status":"closed","sticky":false,"template":"","format":"standard","meta":{"_bbp_topic_count":0,"_bbp_reply_count":0,"_bbp_total_topic_count":0,"_bbp_total_reply_count":0,"_bbp_voice_count":0,"_bbp_anonymous_reply_count":0,"_bbp_topic_count_hidden":0,"_bbp_reply_count_hidden":0,"_bbp_forum_subforum_count":0,"footnotes":""},"categories":[13,11,12,15,10,1,2,4,5],"tags":[],"class_list":["post-5937","post","type-post","status-publish","format-standard","hentry","category-cinque","category-cicle-inicial","category-tercer-quart","category-cicle-superior","category-ei5-primer","category-general","category-infantil","category-portada","category-primaria"],"post_mailing_queue_ids":[],"_links":{"self":[{"href":"https:\/\/agora.xtec.cat\/escolamestralvilanova\/wp-json\/wp\/v2\/posts\/5937","targetHints":{"allow":["GET"]}}],"collection":[{"href":"https:\/\/agora.xtec.cat\/escolamestralvilanova\/wp-json\/wp\/v2\/posts"}],"about":[{"href":"https:\/\/agora.xtec.cat\/escolamestralvilanova\/wp-json\/wp\/v2\/types\/post"}],"author":[{"embeddable":true,"href":"https:\/\/agora.xtec.cat\/escolamestralvilanova\/wp-json\/wp\/v2\/users\/1"}],"replies":[{"embeddable":true,"href":"https:\/\/agora.xtec.cat\/escolamestralvilanova\/wp-json\/wp\/v2\/comments?post=5937"}],"version-history":[{"count":2,"href":"https:\/\/agora.xtec.cat\/escolamestralvilanova\/wp-json\/wp\/v2\/posts\/5937\/revisions"}],"predecessor-version":[{"id":5940,"href":"https:\/\/agora.xtec.cat\/escolamestralvilanova\/wp-json\/wp\/v2\/posts\/5937\/revisions\/5940"}],"wp:attachment":[{"href":"https:\/\/agora.xtec.cat\/escolamestralvilanova\/wp-json\/wp\/v2\/media?parent=5937"}],"wp:term":[{"taxonomy":"category","embeddable":true,"href":"https:\/\/agora.xtec.cat\/escolamestralvilanova\/wp-json\/wp\/v2\/categories?post=5937"},{"taxonomy":"post_tag","embeddable":true,"href":"https:\/\/agora.xtec.cat\/escolamestralvilanova\/wp-json\/wp\/v2\/tags?post=5937"}],"curies":[{"name":"wp","href":"https:\/\/api.w.org\/{rel}","templated":true}]}}