{"id":5917,"date":"2021-10-08T18:03:36","date_gmt":"2021-10-08T16:03:36","guid":{"rendered":"https:\/\/agora.xtec.cat\/escolamestralvilanova\/?p=5917"},"modified":"2021-10-08T18:03:44","modified_gmt":"2021-10-08T16:03:44","slug":"camins-sensorials","status":"publish","type":"post","link":"https:\/\/agora.xtec.cat\/escolamestralvilanova\/infantil\/camins-sensorials\/","title":{"rendered":"CAMINS SENSORIALS"},"content":{"rendered":"<p style=\"text-align: justify;\">Avui els infants de l&#8217;escoleta s&#8217;han trobat uns camins sensorials durant la sessi\u00f3 de psicomotricitat!<br \/>\nEls infants m\u00e9s grans han caminat per sobre de diferents textures amb els peus descal\u00e7os (suau, dur, rug\u00f3s&#8230;). <img decoding=\"async\" class=\"an1\" src=\"https:\/\/fonts.gstatic.com\/s\/e\/notoemoji\/13.1.1\/1f9b6\/72.png\" alt=\"\ud83e\uddb6\" data-emoji=\"\ud83e\uddb6\" aria-label=\"\ud83e\uddb6\" \/><br \/>\nEn canvi, els que encara no caminen, han manipulat altres textures amb les mans! <img decoding=\"async\" class=\"an1\" src=\"https:\/\/fonts.gstatic.com\/s\/e\/notoemoji\/13.1.1\/1f932\/72.png\" alt=\"\ud83e\udd32\" data-emoji=\"\ud83e\udd32\" aria-label=\"\ud83e\udd32\" \/><\/p>\n<p style=\"text-align: justify;\">Els hi ha agradat molt!<\/p>\n<p>Bon cap de setmana fam\u00edlies!<\/p>\n<ul>\n<li><a href=\"https:\/\/photos.google.com\/share\/AF1QipPziQGI5NgvZaShl-cPfDCwYkE_J6VfO9hkNr7tdDDOiiT_6ISqRXzfFFNvZ6dfFw?key=b2RtMlFuZ2g2VUtacmJnTGdQNUNvM0JwU1pJVEJ3\">ENLLA\u00c7 A LES FOTOGRAFIES<\/a><\/li>\n<\/ul>\n<div class=\"yj6qo\"><a href=\"https:\/\/photos.google.com\/share\/AF1QipPziQGI5NgvZaShl-cPfDCwYkE_J6VfO9hkNr7tdDDOiiT_6ISqRXzfFFNvZ6dfFw?key=b2RtMlFuZ2g2VUtacmJnTGdQNUNvM0JwU1pJVEJ3\"><img loading=\"lazy\" decoding=\"async\" class=\"alignnone size-medium wp-image-5918\" src=\"https:\/\/agora.xtec.cat\/escolamestralvilanova\/wp-content\/uploads\/usu729\/2021\/10\/IMG_20211008_103226-300x169.jpg\" alt=\"\" width=\"300\" height=\"169\" srcset=\"https:\/\/agora.xtec.cat\/escolamestralvilanova\/wp-content\/uploads\/usu729\/2021\/10\/IMG_20211008_103226-300x169.jpg 300w, https:\/\/agora.xtec.cat\/escolamestralvilanova\/wp-content\/uploads\/usu729\/2021\/10\/IMG_20211008_103226-1024x576.jpg 1024w, https:\/\/agora.xtec.cat\/escolamestralvilanova\/wp-content\/uploads\/usu729\/2021\/10\/IMG_20211008_103226-768x432.jpg 768w, https:\/\/agora.xtec.cat\/escolamestralvilanova\/wp-content\/uploads\/usu729\/2021\/10\/IMG_20211008_103226-1536x864.jpg 1536w, https:\/\/agora.xtec.cat\/escolamestralvilanova\/wp-content\/uploads\/usu729\/2021\/10\/IMG_20211008_103226-2048x1152.jpg 2048w\" sizes=\"auto, (max-width: 300px) 100vw, 300px\" \/><\/a><\/div>\n","protected":false},"excerpt":{"rendered":"<p>Avui els infants de l&#8217;escoleta s&#8217;han trobat uns camins sensorials durant la sessi\u00f3 de psicomotricitat!<br \/>\nEls infants m\u00e9s grans han caminat per sobre de diferents textures amb els peus descal\u00e7os (suau, dur, rug\u00f3s&#8230;).<br \/>\nEn canvi, els que encara no caminen, han manipulat altres textures amb les&hellip;  <a href=\"https:\/\/agora.xtec.cat\/escolamestralvilanova\/infantil\/camins-sensorials\/\" title=\"Read CAMINS SENSORIALS\">Llegeix m\u00e9s\u00bb<\/a><\/p>\n","protected":false},"author":1,"featured_media":0,"comment_status":"open","ping_status":"closed","sticky":false,"template":"","format":"standard","meta":{"_bbp_topic_count":0,"_bbp_reply_count":0,"_bbp_total_topic_count":0,"_bbp_total_reply_count":0,"_bbp_voice_count":0,"_bbp_anonymous_reply_count":0,"_bbp_topic_count_hidden":0,"_bbp_reply_count_hidden":0,"_bbp_forum_subforum_count":0,"footnotes":""},"categories":[14,59,2,4],"tags":[],"class_list":["post-5917","post","type-post","status-publish","format-standard","hentry","category-ei1-ei2","category-primer-cicle-ed-infantil","category-infantil","category-portada"],"post_mailing_queue_ids":[],"_links":{"self":[{"href":"https:\/\/agora.xtec.cat\/escolamestralvilanova\/wp-json\/wp\/v2\/posts\/5917","targetHints":{"allow":["GET"]}}],"collection":[{"href":"https:\/\/agora.xtec.cat\/escolamestralvilanova\/wp-json\/wp\/v2\/posts"}],"about":[{"href":"https:\/\/agora.xtec.cat\/escolamestralvilanova\/wp-json\/wp\/v2\/types\/post"}],"author":[{"embeddable":true,"href":"https:\/\/agora.xtec.cat\/escolamestralvilanova\/wp-json\/wp\/v2\/users\/1"}],"replies":[{"embeddable":true,"href":"https:\/\/agora.xtec.cat\/escolamestralvilanova\/wp-json\/wp\/v2\/comments?post=5917"}],"version-history":[{"count":2,"href":"https:\/\/agora.xtec.cat\/escolamestralvilanova\/wp-json\/wp\/v2\/posts\/5917\/revisions"}],"predecessor-version":[{"id":5920,"href":"https:\/\/agora.xtec.cat\/escolamestralvilanova\/wp-json\/wp\/v2\/posts\/5917\/revisions\/5920"}],"wp:attachment":[{"href":"https:\/\/agora.xtec.cat\/escolamestralvilanova\/wp-json\/wp\/v2\/media?parent=5917"}],"wp:term":[{"taxonomy":"category","embeddable":true,"href":"https:\/\/agora.xtec.cat\/escolamestralvilanova\/wp-json\/wp\/v2\/categories?post=5917"},{"taxonomy":"post_tag","embeddable":true,"href":"https:\/\/agora.xtec.cat\/escolamestralvilanova\/wp-json\/wp\/v2\/tags?post=5917"}],"curies":[{"name":"wp","href":"https:\/\/api.w.org\/{rel}","templated":true}]}}