{"id":5911,"date":"2021-10-08T13:23:45","date_gmt":"2021-10-08T11:23:45","guid":{"rendered":"https:\/\/agora.xtec.cat\/escolamestralvilanova\/?p=5911"},"modified":"2021-11-02T07:47:23","modified_gmt":"2021-11-02T06:47:23","slug":"el-fil-invisible","status":"publish","type":"post","link":"https:\/\/agora.xtec.cat\/escolamestralvilanova\/infantil\/el-fil-invisible\/","title":{"rendered":"VINCLES: SELMA"},"content":{"rendered":"<p dir=\"auto\">Despr\u00e9s d&#8217;explicar el conte El fil invisible,\u00a0 a EI3 i EI4\u00a0 iniciem el centre d&#8217;inter\u00e8s VINCLES a trav\u00e9s del qual volem donar espai i temps als lla\u00e7os que s&#8217;estableixen entre els infants, les fam\u00edlies i l&#8217;escola.<\/p>\n<p dir=\"auto\">Aquesta setmana, la nostra protagonista ha estat la Selma. Ens ha portat diferents fotos dels seus quatre anys de vida i un peluix molt especial per a ella. Hem deixat el fil penjat a l&#8217;aula on anirem incorporant el de tots els nens i les nenes.<\/p>\n<p dir=\"auto\">Us deixem alguna foto de la sessi\u00f3:<\/p>\n<ul>\n<li dir=\"auto\"><a href=\"https:\/\/photos.app.goo.gl\/khVHe6x1xh1n3cqE7\">ENLLA\u00c7 A LES FOTOGRAFIES<\/a><\/li>\n<\/ul>\n<p><a href=\"https:\/\/photos.app.goo.gl\/khVHe6x1xh1n3cqE7\"><img loading=\"lazy\" decoding=\"async\" class=\"alignnone size-medium wp-image-5912\" src=\"https:\/\/agora.xtec.cat\/escolamestralvilanova\/wp-content\/uploads\/usu729\/2021\/10\/20211007_092339-300x225.jpg\" alt=\"\" width=\"300\" height=\"225\" srcset=\"https:\/\/agora.xtec.cat\/escolamestralvilanova\/wp-content\/uploads\/usu729\/2021\/10\/20211007_092339-300x225.jpg 300w, https:\/\/agora.xtec.cat\/escolamestralvilanova\/wp-content\/uploads\/usu729\/2021\/10\/20211007_092339-200x150.jpg 200w, https:\/\/agora.xtec.cat\/escolamestralvilanova\/wp-content\/uploads\/usu729\/2021\/10\/20211007_092339.jpg 640w\" sizes=\"auto, (max-width: 300px) 100vw, 300px\" \/><\/a><\/p>\n","protected":false},"excerpt":{"rendered":"<p>Despr\u00e9s d&#8217;explicar el conte El fil invisible,\u00a0 a EI3 i EI4\u00a0 iniciem el centre d&#8217;inter\u00e8s VINCLES a trav\u00e9s del qual volem donar espai i temps als lla\u00e7os que s&#8217;estableixen entre els infants, les fam\u00edlies i l&#8217;escola.<br \/>\nAquesta setmana, la nostra protagonista ha estat la Selma. Ens&hellip;  <a href=\"https:\/\/agora.xtec.cat\/escolamestralvilanova\/infantil\/el-fil-invisible\/\" title=\"Read VINCLES: SELMA\">Llegeix m\u00e9s\u00bb<\/a><\/p>\n","protected":false},"author":1,"featured_media":0,"comment_status":"open","ping_status":"closed","sticky":false,"template":"","format":"standard","meta":{"_bbp_topic_count":0,"_bbp_reply_count":0,"_bbp_total_topic_count":0,"_bbp_total_reply_count":0,"_bbp_voice_count":0,"_bbp_anonymous_reply_count":0,"_bbp_topic_count_hidden":0,"_bbp_reply_count_hidden":0,"_bbp_forum_subforum_count":0,"footnotes":""},"categories":[3,8,59,2,4],"tags":[],"class_list":["post-5911","post","type-post","status-publish","format-standard","hentry","category-ei3-ei4-ei5","category-ei4","category-primer-cicle-ed-infantil","category-infantil","category-portada"],"post_mailing_queue_ids":[],"_links":{"self":[{"href":"https:\/\/agora.xtec.cat\/escolamestralvilanova\/wp-json\/wp\/v2\/posts\/5911","targetHints":{"allow":["GET"]}}],"collection":[{"href":"https:\/\/agora.xtec.cat\/escolamestralvilanova\/wp-json\/wp\/v2\/posts"}],"about":[{"href":"https:\/\/agora.xtec.cat\/escolamestralvilanova\/wp-json\/wp\/v2\/types\/post"}],"author":[{"embeddable":true,"href":"https:\/\/agora.xtec.cat\/escolamestralvilanova\/wp-json\/wp\/v2\/users\/1"}],"replies":[{"embeddable":true,"href":"https:\/\/agora.xtec.cat\/escolamestralvilanova\/wp-json\/wp\/v2\/comments?post=5911"}],"version-history":[{"count":2,"href":"https:\/\/agora.xtec.cat\/escolamestralvilanova\/wp-json\/wp\/v2\/posts\/5911\/revisions"}],"predecessor-version":[{"id":6124,"href":"https:\/\/agora.xtec.cat\/escolamestralvilanova\/wp-json\/wp\/v2\/posts\/5911\/revisions\/6124"}],"wp:attachment":[{"href":"https:\/\/agora.xtec.cat\/escolamestralvilanova\/wp-json\/wp\/v2\/media?parent=5911"}],"wp:term":[{"taxonomy":"category","embeddable":true,"href":"https:\/\/agora.xtec.cat\/escolamestralvilanova\/wp-json\/wp\/v2\/categories?post=5911"},{"taxonomy":"post_tag","embeddable":true,"href":"https:\/\/agora.xtec.cat\/escolamestralvilanova\/wp-json\/wp\/v2\/tags?post=5911"}],"curies":[{"name":"wp","href":"https:\/\/api.w.org\/{rel}","templated":true}]}}