{"id":5905,"date":"2021-10-06T18:21:41","date_gmt":"2021-10-06T16:21:41","guid":{"rendered":"https:\/\/agora.xtec.cat\/escolamestralvilanova\/?p=5905"},"modified":"2021-10-06T18:21:48","modified_gmt":"2021-10-06T16:21:48","slug":"mini-mon-de-la-tardor","status":"publish","type":"post","link":"https:\/\/agora.xtec.cat\/escolamestralvilanova\/portada\/mini-mon-de-la-tardor\/","title":{"rendered":"MINI M\u00d3N DE LA TARDOR"},"content":{"rendered":"<p>Mireu quin escenari ens hem trobat aquest mat\u00ed a l&#8217;escoleta: 2 mini mons, un pels infants m\u00e9s grans i l&#8217;altre pels nadons! Hem fet joc simb\u00f2lic amb elements naturals (troncs, pinyes, pedres, fulles&#8230;) animalets i nins! <img decoding=\"async\" class=\"an1\" src=\"https:\/\/fonts.gstatic.com\/s\/e\/notoemoji\/13.1.1\/1f344\/32.png\" alt=\"\ud83c\udf44\" data-emoji=\"\ud83c\udf44\" aria-label=\"\ud83c\udf44\" \/><img decoding=\"async\" class=\"an1\" src=\"https:\/\/fonts.gstatic.com\/s\/e\/notoemoji\/13.1.1\/1f40c\/32.png\" alt=\"\ud83d\udc0c\" data-emoji=\"\ud83d\udc0c\" aria-label=\"\ud83d\udc0c\" \/><br \/>\nCom hem gaudit!<\/p>\n<ul>\n<li><a href=\"https:\/\/photos.app.goo.gl\/AQSA7DYWFWNJmErL7\">ENLLA\u00c7 A LES FOTOGRAFIES<\/a><\/li>\n<\/ul>\n<p><a href=\"https:\/\/photos.app.goo.gl\/AQSA7DYWFWNJmErL7\"><img loading=\"lazy\" decoding=\"async\" class=\"alignnone size-medium wp-image-5906\" src=\"https:\/\/agora.xtec.cat\/escolamestralvilanova\/wp-content\/uploads\/usu729\/2021\/10\/IMG_20211006_085006_2-300x223.jpg\" alt=\"\" width=\"300\" height=\"223\" srcset=\"https:\/\/agora.xtec.cat\/escolamestralvilanova\/wp-content\/uploads\/usu729\/2021\/10\/IMG_20211006_085006_2-300x223.jpg 300w, https:\/\/agora.xtec.cat\/escolamestralvilanova\/wp-content\/uploads\/usu729\/2021\/10\/IMG_20211006_085006_2-1024x762.jpg 1024w, https:\/\/agora.xtec.cat\/escolamestralvilanova\/wp-content\/uploads\/usu729\/2021\/10\/IMG_20211006_085006_2-768x571.jpg 768w, https:\/\/agora.xtec.cat\/escolamestralvilanova\/wp-content\/uploads\/usu729\/2021\/10\/IMG_20211006_085006_2-1536x1143.jpg 1536w, https:\/\/agora.xtec.cat\/escolamestralvilanova\/wp-content\/uploads\/usu729\/2021\/10\/IMG_20211006_085006_2-2048x1523.jpg 2048w, https:\/\/agora.xtec.cat\/escolamestralvilanova\/wp-content\/uploads\/usu729\/2021\/10\/IMG_20211006_085006_2-200x150.jpg 200w\" sizes=\"auto, (max-width: 300px) 100vw, 300px\" \/><\/a><\/p>\n","protected":false},"excerpt":{"rendered":"<p>Mireu quin escenari ens hem trobat aquest mat\u00ed a l&#8217;escoleta: 2 mini mons, un pels infants m\u00e9s grans i l&#8217;altre pels nadons! Hem fet joc simb\u00f2lic amb elements naturals (troncs, pinyes, pedres, fulles&#8230;) animalets i nins!<br \/>\nCom hem gaudit!<\/p>\n<ul>\n<li><a href=\"https:\/\/photos.app.goo.gl\/AQSA7DYWFWNJmErL7\">ENLLA\u00c7 A LES FOTOGRAFIES<\/a><\/li>\n<\/ul>\n<p><a href=\"https:\/\/photos.app.goo.gl\/AQSA7DYWFWNJmErL7\"><\/a><\/p>\n","protected":false},"author":1,"featured_media":0,"comment_status":"open","ping_status":"closed","sticky":false,"template":"","format":"standard","meta":{"_bbp_topic_count":0,"_bbp_reply_count":0,"_bbp_total_topic_count":0,"_bbp_total_reply_count":0,"_bbp_voice_count":0,"_bbp_anonymous_reply_count":0,"_bbp_topic_count_hidden":0,"_bbp_reply_count_hidden":0,"_bbp_forum_subforum_count":0,"footnotes":""},"categories":[14,59,4],"tags":[],"class_list":["post-5905","post","type-post","status-publish","format-standard","hentry","category-ei1-ei2","category-primer-cicle-ed-infantil","category-portada"],"post_mailing_queue_ids":[],"_links":{"self":[{"href":"https:\/\/agora.xtec.cat\/escolamestralvilanova\/wp-json\/wp\/v2\/posts\/5905","targetHints":{"allow":["GET"]}}],"collection":[{"href":"https:\/\/agora.xtec.cat\/escolamestralvilanova\/wp-json\/wp\/v2\/posts"}],"about":[{"href":"https:\/\/agora.xtec.cat\/escolamestralvilanova\/wp-json\/wp\/v2\/types\/post"}],"author":[{"embeddable":true,"href":"https:\/\/agora.xtec.cat\/escolamestralvilanova\/wp-json\/wp\/v2\/users\/1"}],"replies":[{"embeddable":true,"href":"https:\/\/agora.xtec.cat\/escolamestralvilanova\/wp-json\/wp\/v2\/comments?post=5905"}],"version-history":[{"count":1,"href":"https:\/\/agora.xtec.cat\/escolamestralvilanova\/wp-json\/wp\/v2\/posts\/5905\/revisions"}],"predecessor-version":[{"id":5907,"href":"https:\/\/agora.xtec.cat\/escolamestralvilanova\/wp-json\/wp\/v2\/posts\/5905\/revisions\/5907"}],"wp:attachment":[{"href":"https:\/\/agora.xtec.cat\/escolamestralvilanova\/wp-json\/wp\/v2\/media?parent=5905"}],"wp:term":[{"taxonomy":"category","embeddable":true,"href":"https:\/\/agora.xtec.cat\/escolamestralvilanova\/wp-json\/wp\/v2\/categories?post=5905"},{"taxonomy":"post_tag","embeddable":true,"href":"https:\/\/agora.xtec.cat\/escolamestralvilanova\/wp-json\/wp\/v2\/tags?post=5905"}],"curies":[{"name":"wp","href":"https:\/\/api.w.org\/{rel}","templated":true}]}}