{"id":5898,"date":"2021-10-06T10:40:11","date_gmt":"2021-10-06T08:40:11","guid":{"rendered":"https:\/\/agora.xtec.cat\/escolamestralvilanova\/?p=5898"},"modified":"2021-10-06T10:40:17","modified_gmt":"2021-10-06T08:40:17","slug":"erupcio-dun-volca-a-segon","status":"publish","type":"post","link":"https:\/\/agora.xtec.cat\/escolamestralvilanova\/portada\/erupcio-dun-volca-a-segon\/","title":{"rendered":"ERUPCI\u00d3 D&#8217;UN VOLC\u00c0 A SEGON"},"content":{"rendered":"<p>Aquests dies hem treballat l&#8217;erupci\u00f3 del volc\u00e0 Cumbre Vieja de La Palma i per aix\u00f2 hem experimentat fent un volc\u00e0 amb vinagre i bicarbonat.<\/p>\n<ul>\n<li><a href=\"https:\/\/photos.app.goo.gl\/4yCtYmmfU56wqYTr8\">ENLLA\u00c7 A LES FOTOGRAFIES<\/a><\/li>\n<\/ul>\n<p><a href=\"https:\/\/photos.app.goo.gl\/4yCtYmmfU56wqYTr8\"><img loading=\"lazy\" decoding=\"async\" class=\"alignnone size-medium wp-image-5899\" src=\"https:\/\/agora.xtec.cat\/escolamestralvilanova\/wp-content\/uploads\/usu729\/2021\/10\/0d0ea433-2394-486d-b7f7-bfbfd1e203e8-225x300.jpg\" alt=\"\" width=\"225\" height=\"300\" srcset=\"https:\/\/agora.xtec.cat\/escolamestralvilanova\/wp-content\/uploads\/usu729\/2021\/10\/0d0ea433-2394-486d-b7f7-bfbfd1e203e8-225x300.jpg 225w, https:\/\/agora.xtec.cat\/escolamestralvilanova\/wp-content\/uploads\/usu729\/2021\/10\/0d0ea433-2394-486d-b7f7-bfbfd1e203e8-768x1024.jpg 768w, https:\/\/agora.xtec.cat\/escolamestralvilanova\/wp-content\/uploads\/usu729\/2021\/10\/0d0ea433-2394-486d-b7f7-bfbfd1e203e8-1152x1536.jpg 1152w, https:\/\/agora.xtec.cat\/escolamestralvilanova\/wp-content\/uploads\/usu729\/2021\/10\/0d0ea433-2394-486d-b7f7-bfbfd1e203e8.jpg 1500w\" sizes=\"auto, (max-width: 225px) 100vw, 225px\" \/><\/a><\/p>\n","protected":false},"excerpt":{"rendered":"<p>Aquests dies hem treballat l&#8217;erupci\u00f3 del volc\u00e0 Cumbre Vieja de La Palma i per aix\u00f2 hem experimentat fent un volc\u00e0 amb vinagre i bicarbonat.<\/p>\n<ul>\n<li><a href=\"https:\/\/photos.app.goo.gl\/4yCtYmmfU56wqYTr8\">ENLLA\u00c7 A LES FOTOGRAFIES<\/a><\/li>\n<\/ul>\n<p><a href=\"https:\/\/photos.app.goo.gl\/4yCtYmmfU56wqYTr8\"><\/a><\/p>\n","protected":false},"author":1,"featured_media":0,"comment_status":"open","ping_status":"closed","sticky":false,"template":"","format":"standard","meta":{"_bbp_topic_count":0,"_bbp_reply_count":0,"_bbp_total_topic_count":0,"_bbp_total_reply_count":0,"_bbp_voice_count":0,"_bbp_anonymous_reply_count":0,"_bbp_topic_count_hidden":0,"_bbp_reply_count_hidden":0,"_bbp_forum_subforum_count":0,"footnotes":""},"categories":[11,4,5],"tags":[],"class_list":["post-5898","post","type-post","status-publish","format-standard","hentry","category-cicle-inicial","category-portada","category-primaria"],"post_mailing_queue_ids":[],"_links":{"self":[{"href":"https:\/\/agora.xtec.cat\/escolamestralvilanova\/wp-json\/wp\/v2\/posts\/5898","targetHints":{"allow":["GET"]}}],"collection":[{"href":"https:\/\/agora.xtec.cat\/escolamestralvilanova\/wp-json\/wp\/v2\/posts"}],"about":[{"href":"https:\/\/agora.xtec.cat\/escolamestralvilanova\/wp-json\/wp\/v2\/types\/post"}],"author":[{"embeddable":true,"href":"https:\/\/agora.xtec.cat\/escolamestralvilanova\/wp-json\/wp\/v2\/users\/1"}],"replies":[{"embeddable":true,"href":"https:\/\/agora.xtec.cat\/escolamestralvilanova\/wp-json\/wp\/v2\/comments?post=5898"}],"version-history":[{"count":1,"href":"https:\/\/agora.xtec.cat\/escolamestralvilanova\/wp-json\/wp\/v2\/posts\/5898\/revisions"}],"predecessor-version":[{"id":5900,"href":"https:\/\/agora.xtec.cat\/escolamestralvilanova\/wp-json\/wp\/v2\/posts\/5898\/revisions\/5900"}],"wp:attachment":[{"href":"https:\/\/agora.xtec.cat\/escolamestralvilanova\/wp-json\/wp\/v2\/media?parent=5898"}],"wp:term":[{"taxonomy":"category","embeddable":true,"href":"https:\/\/agora.xtec.cat\/escolamestralvilanova\/wp-json\/wp\/v2\/categories?post=5898"},{"taxonomy":"post_tag","embeddable":true,"href":"https:\/\/agora.xtec.cat\/escolamestralvilanova\/wp-json\/wp\/v2\/tags?post=5898"}],"curies":[{"name":"wp","href":"https:\/\/api.w.org\/{rel}","templated":true}]}}