{"id":5853,"date":"2021-09-29T16:43:26","date_gmt":"2021-09-29T14:43:26","guid":{"rendered":"https:\/\/agora.xtec.cat\/escolamestralvilanova\/?p=5853"},"modified":"2021-09-30T08:54:47","modified_gmt":"2021-09-30T06:54:47","slug":"plantem-lhort","status":"publish","type":"post","link":"https:\/\/agora.xtec.cat\/escolamestralvilanova\/infantil\/plantem-lhort\/","title":{"rendered":"ESCOLETA: PLANTEM L&#8217;HORT"},"content":{"rendered":"<p style=\"text-align: justify;\">Aquest mat\u00ed a l&#8217;escoleta hem plantat cebes i enciams que van anar a comprar els nens\/es de l&#8217;escola al mercat del poble!<br \/>\nEls m\u00e9s grans, amb l&#8217;ajuda d&#8217;un punx\u00f3, han introdu\u00eft les plantetes al terra i seguidament les han regat!<br \/>\nAra, a esperar que creixin!\u00a0<img decoding=\"async\" class=\"an1\" src=\"https:\/\/fonts.gstatic.com\/s\/e\/notoemoji\/13.1.1\/1f331\/32.png\" alt=\"\ud83c\udf31\" data-emoji=\"\ud83c\udf31\" aria-label=\"\ud83c\udf31\" \/><\/p>\n<ul>\n<li><a href=\"https:\/\/photos.app.goo.gl\/aErCRMXruRc2QyuP9\">ENLLA\u00c7 A LES FOTOGRAFIES<\/a><\/li>\n<\/ul>\n<p><img loading=\"lazy\" decoding=\"async\" class=\"alignnone size-medium wp-image-5854\" src=\"https:\/\/agora.xtec.cat\/escolamestralvilanova\/wp-content\/uploads\/usu729\/2021\/09\/IMG_20210929_090003-300x169.jpg\" alt=\"\" width=\"300\" height=\"169\" srcset=\"https:\/\/agora.xtec.cat\/escolamestralvilanova\/wp-content\/uploads\/usu729\/2021\/09\/IMG_20210929_090003-300x169.jpg 300w, https:\/\/agora.xtec.cat\/escolamestralvilanova\/wp-content\/uploads\/usu729\/2021\/09\/IMG_20210929_090003-1024x576.jpg 1024w, https:\/\/agora.xtec.cat\/escolamestralvilanova\/wp-content\/uploads\/usu729\/2021\/09\/IMG_20210929_090003-768x432.jpg 768w, https:\/\/agora.xtec.cat\/escolamestralvilanova\/wp-content\/uploads\/usu729\/2021\/09\/IMG_20210929_090003-1536x864.jpg 1536w, https:\/\/agora.xtec.cat\/escolamestralvilanova\/wp-content\/uploads\/usu729\/2021\/09\/IMG_20210929_090003-2048x1152.jpg 2048w\" sizes=\"auto, (max-width: 300px) 100vw, 300px\" \/><\/p>\n","protected":false},"excerpt":{"rendered":"<p>Aquest mat\u00ed a l&#8217;escoleta hem plantat cebes i enciams que van anar a comprar els nens\/es de l&#8217;escola al mercat del poble!<br \/>\nEls m\u00e9s grans, amb l&#8217;ajuda d&#8217;un punx\u00f3, han introdu\u00eft les plantetes al terra i seguidament les han regat!<br \/>\nAra, a esperar que creixin!\u00a0<\/p>\n<ul>\n<li><a href=\"https:\/\/photos.app.goo.gl\/aErCRMXruRc2QyuP9\">ENLLA\u00c7 A&hellip;  <a href=\"https:\/\/agora.xtec.cat\/escolamestralvilanova\/infantil\/plantem-lhort\/\" title=\"Read ESCOLETA: PLANTEM L&#8217;HORT\">Llegeix m\u00e9s\u00bb<\/a><br \/>\n","protected":false},"author":1,"featured_media":0,"comment_status":"open","ping_status":"closed","sticky":false,"template":"","format":"standard","meta":{"_bbp_topic_count":0,"_bbp_reply_count":0,"_bbp_total_topic_count":0,"_bbp_total_reply_count":0,"_bbp_voice_count":0,"_bbp_anonymous_reply_count":0,"_bbp_topic_count_hidden":0,"_bbp_reply_count_hidden":0,"_bbp_forum_subforum_count":0,"footnotes":""},"categories":[14,59,2,4],"tags":[],"class_list":["post-5853","post","type-post","status-publish","format-standard","hentry","category-ei1-ei2","category-primer-cicle-ed-infantil","category-infantil","category-portada"],"post_mailing_queue_ids":[],"_links":{"self":[{"href":"https:\/\/agora.xtec.cat\/escolamestralvilanova\/wp-json\/wp\/v2\/posts\/5853","targetHints":{"allow":["GET"]}}],"collection":[{"href":"https:\/\/agora.xtec.cat\/escolamestralvilanova\/wp-json\/wp\/v2\/posts"}],"about":[{"href":"https:\/\/agora.xtec.cat\/escolamestralvilanova\/wp-json\/wp\/v2\/types\/post"}],"author":[{"embeddable":true,"href":"https:\/\/agora.xtec.cat\/escolamestralvilanova\/wp-json\/wp\/v2\/users\/1"}],"replies":[{"embeddable":true,"href":"https:\/\/agora.xtec.cat\/escolamestralvilanova\/wp-json\/wp\/v2\/comments?post=5853"}],"version-history":[{"count":3,"href":"https:\/\/agora.xtec.cat\/escolamestralvilanova\/wp-json\/wp\/v2\/posts\/5853\/revisions"}],"predecessor-version":[{"id":5858,"href":"https:\/\/agora.xtec.cat\/escolamestralvilanova\/wp-json\/wp\/v2\/posts\/5853\/revisions\/5858"}],"wp:attachment":[{"href":"https:\/\/agora.xtec.cat\/escolamestralvilanova\/wp-json\/wp\/v2\/media?parent=5853"}],"wp:term":[{"taxonomy":"category","embeddable":true,"href":"https:\/\/agora.xtec.cat\/escolamestralvilanova\/wp-json\/wp\/v2\/categories?post=5853"},{"taxonomy":"post_tag","embeddable":true,"href":"https:\/\/agora.xtec.cat\/escolamestralvilanova\/wp-json\/wp\/v2\/tags?post=5853"}],"curies":[{"name":"wp","href":"https:\/\/api.w.org\/{rel}","templated":true}]}}