{"id":5808,"date":"2021-09-24T16:16:29","date_gmt":"2021-09-24T14:16:29","guid":{"rendered":"https:\/\/agora.xtec.cat\/escolamestralvilanova\/?p=5808"},"modified":"2021-09-24T16:16:34","modified_gmt":"2021-09-24T14:16:34","slug":"psicomotricitat-amb-pilotes","status":"publish","type":"post","link":"https:\/\/agora.xtec.cat\/escolamestralvilanova\/infantil\/psicomotricitat-amb-pilotes\/","title":{"rendered":"PSICOMOTRICITAT AMB PILOTES"},"content":{"rendered":"<p>Els divendres a l&#8217;escoleta \u00e9s dia de moure el cos!\u00a0<img decoding=\"async\" class=\"an1\" src=\"https:\/\/fonts.gstatic.com\/s\/e\/notoemoji\/13.1.1\/1f938\/32.png\" alt=\"\ud83e\udd38\" data-emoji=\"\ud83e\udd38\" aria-label=\"\ud83e\udd38\" \/><br \/>\nI avui els infants s&#8217;han trobat l&#8217;aula plena de pilotetes enganxades a una cinta transparent, els nadons m\u00e9s baixa i els m\u00e9s grans m\u00e9s alta!<br \/>\nI..qu\u00e8 han fet? Doncs desenganxar-les i posar-les dins d&#8217;una caixa! Despr\u00e9s les han tornat a enganxar, i els m\u00e9s grans ho han fet per colors!\u00a0<img decoding=\"async\" class=\"an1\" src=\"https:\/\/fonts.gstatic.com\/s\/e\/notoemoji\/13.1.1\/1f7e2\/32.png\" alt=\"\ud83d\udfe2\" data-emoji=\"\ud83d\udfe2\" aria-label=\"\ud83d\udfe2\" \/><img decoding=\"async\" class=\"an1\" src=\"https:\/\/fonts.gstatic.com\/s\/e\/notoemoji\/13.1.1\/1f7e1\/32.png\" alt=\"\ud83d\udfe1\" data-emoji=\"\ud83d\udfe1\" aria-label=\"\ud83d\udfe1\" \/><\/p>\n<p>En acabar, ens hem relaxat fent-nos massatges amb les pilotetes, amb m\u00fasica de fons!\u00a0<img decoding=\"async\" class=\"an1\" src=\"https:\/\/fonts.gstatic.com\/s\/e\/notoemoji\/13.1.1\/1f9d8\/32.png\" alt=\"\ud83e\uddd8\" data-emoji=\"\ud83e\uddd8\" aria-label=\"\ud83e\uddd8\" \/><\/p>\n<ul>\n<li><a href=\"https:\/\/photos.google.com\/share\/AF1QipMGePACrw6JCrFOuaMln15yKIgzuFb5X6F2B2az0CZXeLJvGAZX6yOAxCY8S_VRdg?key=cFpyZGZmdG40WS1yY3BmSVk5WnduWWc3ZUlMbUtR\">ENLLA\u00c7 A LES FOTOGRAFIES<\/a><\/li>\n<\/ul>\n<p><a href=\"https:\/\/photos.google.com\/share\/AF1QipMGePACrw6JCrFOuaMln15yKIgzuFb5X6F2B2az0CZXeLJvGAZX6yOAxCY8S_VRdg?key=cFpyZGZmdG40WS1yY3BmSVk5WnduWWc3ZUlMbUtR\"><img loading=\"lazy\" decoding=\"async\" class=\"alignnone size-medium wp-image-5809\" src=\"https:\/\/agora.xtec.cat\/escolamestralvilanova\/wp-content\/uploads\/usu729\/2021\/09\/IMG_20210924_085120-300x198.jpg\" alt=\"\" width=\"300\" height=\"198\" srcset=\"https:\/\/agora.xtec.cat\/escolamestralvilanova\/wp-content\/uploads\/usu729\/2021\/09\/IMG_20210924_085120-300x198.jpg 300w, https:\/\/agora.xtec.cat\/escolamestralvilanova\/wp-content\/uploads\/usu729\/2021\/09\/IMG_20210924_085120-1024x675.jpg 1024w, https:\/\/agora.xtec.cat\/escolamestralvilanova\/wp-content\/uploads\/usu729\/2021\/09\/IMG_20210924_085120-768x506.jpg 768w, https:\/\/agora.xtec.cat\/escolamestralvilanova\/wp-content\/uploads\/usu729\/2021\/09\/IMG_20210924_085120-1536x1012.jpg 1536w, https:\/\/agora.xtec.cat\/escolamestralvilanova\/wp-content\/uploads\/usu729\/2021\/09\/IMG_20210924_085120-2048x1349.jpg 2048w\" sizes=\"auto, (max-width: 300px) 100vw, 300px\" \/><\/a><\/p>\n","protected":false},"excerpt":{"rendered":"<p>Els divendres a l&#8217;escoleta \u00e9s dia de moure el cos!\u00a0<br \/>\nI avui els infants s&#8217;han trobat l&#8217;aula plena de pilotetes enganxades a una cinta transparent, els nadons m\u00e9s baixa i els m\u00e9s grans m\u00e9s alta!<br \/>\nI..qu\u00e8 han fet? Doncs desenganxar-les i posar-les dins d&#8217;una caixa! Despr\u00e9s les&hellip;  <a href=\"https:\/\/agora.xtec.cat\/escolamestralvilanova\/infantil\/psicomotricitat-amb-pilotes\/\" title=\"Read PSICOMOTRICITAT AMB PILOTES\">Llegeix m\u00e9s\u00bb<\/a><\/p>\n","protected":false},"author":1,"featured_media":0,"comment_status":"open","ping_status":"closed","sticky":false,"template":"","format":"standard","meta":{"_bbp_topic_count":0,"_bbp_reply_count":0,"_bbp_total_topic_count":0,"_bbp_total_reply_count":0,"_bbp_voice_count":0,"_bbp_anonymous_reply_count":0,"_bbp_topic_count_hidden":0,"_bbp_reply_count_hidden":0,"_bbp_forum_subforum_count":0,"footnotes":""},"categories":[14,59,2,4],"tags":[],"class_list":["post-5808","post","type-post","status-publish","format-standard","hentry","category-ei1-ei2","category-primer-cicle-ed-infantil","category-infantil","category-portada"],"post_mailing_queue_ids":[],"_links":{"self":[{"href":"https:\/\/agora.xtec.cat\/escolamestralvilanova\/wp-json\/wp\/v2\/posts\/5808","targetHints":{"allow":["GET"]}}],"collection":[{"href":"https:\/\/agora.xtec.cat\/escolamestralvilanova\/wp-json\/wp\/v2\/posts"}],"about":[{"href":"https:\/\/agora.xtec.cat\/escolamestralvilanova\/wp-json\/wp\/v2\/types\/post"}],"author":[{"embeddable":true,"href":"https:\/\/agora.xtec.cat\/escolamestralvilanova\/wp-json\/wp\/v2\/users\/1"}],"replies":[{"embeddable":true,"href":"https:\/\/agora.xtec.cat\/escolamestralvilanova\/wp-json\/wp\/v2\/comments?post=5808"}],"version-history":[{"count":1,"href":"https:\/\/agora.xtec.cat\/escolamestralvilanova\/wp-json\/wp\/v2\/posts\/5808\/revisions"}],"predecessor-version":[{"id":5810,"href":"https:\/\/agora.xtec.cat\/escolamestralvilanova\/wp-json\/wp\/v2\/posts\/5808\/revisions\/5810"}],"wp:attachment":[{"href":"https:\/\/agora.xtec.cat\/escolamestralvilanova\/wp-json\/wp\/v2\/media?parent=5808"}],"wp:term":[{"taxonomy":"category","embeddable":true,"href":"https:\/\/agora.xtec.cat\/escolamestralvilanova\/wp-json\/wp\/v2\/categories?post=5808"},{"taxonomy":"post_tag","embeddable":true,"href":"https:\/\/agora.xtec.cat\/escolamestralvilanova\/wp-json\/wp\/v2\/tags?post=5808"}],"curies":[{"name":"wp","href":"https:\/\/api.w.org\/{rel}","templated":true}]}}