{"id":5805,"date":"2021-09-23T16:13:53","date_gmt":"2021-09-23T14:13:53","guid":{"rendered":"https:\/\/agora.xtec.cat\/escolamestralvilanova\/?p=5805"},"modified":"2021-09-24T16:14:01","modified_gmt":"2021-09-24T14:14:01","slug":"peces-soltes-de-tardor","status":"publish","type":"post","link":"https:\/\/agora.xtec.cat\/escolamestralvilanova\/infantil\/peces-soltes-de-tardor\/","title":{"rendered":"PECES SOLTES DE TARDOR"},"content":{"rendered":"<p>Aquest mat\u00ed els infants de l&#8217;escoleta s&#8217;han trobat una provocaci\u00f3 feta amb peces soltes dels colors d&#8217;aquesta estaci\u00f3, ampolles sensorials, mocadors&#8230; Han experimentat amb elles, fet construccions, han relacionat colors i formes, entre d&#8217;altres.<br \/>\nQue divertit ha estat!<\/p>\n<ul>\n<li><a href=\"https:\/\/photos.google.com\/share\/AF1QipO8c5IybbCfzBmfTYFonIXrLRa66MZgv69PpqwwZsdI_aEUUY2JcEn9uw0-F3BCWA?pli=1&amp;key=TTNVSk15UTVYZ0RTbmxxbUctRkJhZjJrSWhmRFhB\">ENLLA\u00c7 A LES FOTOGRAFIES<\/a><\/li>\n<\/ul>\n<p><a href=\"https:\/\/photos.google.com\/share\/AF1QipO8c5IybbCfzBmfTYFonIXrLRa66MZgv69PpqwwZsdI_aEUUY2JcEn9uw0-F3BCWA?pli=1&amp;key=TTNVSk15UTVYZ0RTbmxxbUctRkJhZjJrSWhmRFhB\"><img loading=\"lazy\" decoding=\"async\" class=\"alignnone size-medium wp-image-5806\" src=\"https:\/\/agora.xtec.cat\/escolamestralvilanova\/wp-content\/uploads\/usu729\/2021\/09\/IMG_20210923_085828-256x300.jpg\" alt=\"\" width=\"256\" height=\"300\" srcset=\"https:\/\/agora.xtec.cat\/escolamestralvilanova\/wp-content\/uploads\/usu729\/2021\/09\/IMG_20210923_085828-256x300.jpg 256w, https:\/\/agora.xtec.cat\/escolamestralvilanova\/wp-content\/uploads\/usu729\/2021\/09\/IMG_20210923_085828-874x1024.jpg 874w, https:\/\/agora.xtec.cat\/escolamestralvilanova\/wp-content\/uploads\/usu729\/2021\/09\/IMG_20210923_085828-768x900.jpg 768w, https:\/\/agora.xtec.cat\/escolamestralvilanova\/wp-content\/uploads\/usu729\/2021\/09\/IMG_20210923_085828-1311x1536.jpg 1311w, https:\/\/agora.xtec.cat\/escolamestralvilanova\/wp-content\/uploads\/usu729\/2021\/09\/IMG_20210923_085828-1749x2048.jpg 1749w\" sizes=\"auto, (max-width: 256px) 100vw, 256px\" \/><\/a><\/p>\n","protected":false},"excerpt":{"rendered":"<p>Aquest mat\u00ed els infants de l&#8217;escoleta s&#8217;han trobat una provocaci\u00f3 feta amb peces soltes dels colors d&#8217;aquesta estaci\u00f3, ampolles sensorials, mocadors&#8230; Han experimentat amb elles, fet construccions, han relacionat colors i formes, entre d&#8217;altres.<br \/>\nQue divertit ha estat!<\/p>\n<ul>\n<li><a href=\"https:\/\/photos.google.com\/share\/AF1QipO8c5IybbCfzBmfTYFonIXrLRa66MZgv69PpqwwZsdI_aEUUY2JcEn9uw0-F3BCWA?pli=1&amp;key=TTNVSk15UTVYZ0RTbmxxbUctRkJhZjJrSWhmRFhB\">ENLLA\u00c7 A LES FOTOGRAFIES<\/a><\/li>\n<\/ul>\n<p><a href=\"https:\/\/photos.google.com\/share\/AF1QipO8c5IybbCfzBmfTYFonIXrLRa66MZgv69PpqwwZsdI_aEUUY2JcEn9uw0-F3BCWA?pli=1&amp;key=TTNVSk15UTVYZ0RTbmxxbUctRkJhZjJrSWhmRFhB\"><\/a><\/p>\n","protected":false},"author":1,"featured_media":0,"comment_status":"open","ping_status":"closed","sticky":false,"template":"","format":"standard","meta":{"_bbp_topic_count":0,"_bbp_reply_count":0,"_bbp_total_topic_count":0,"_bbp_total_reply_count":0,"_bbp_voice_count":0,"_bbp_anonymous_reply_count":0,"_bbp_topic_count_hidden":0,"_bbp_reply_count_hidden":0,"_bbp_forum_subforum_count":0,"footnotes":""},"categories":[14,59,2,4],"tags":[],"class_list":["post-5805","post","type-post","status-publish","format-standard","hentry","category-ei1-ei2","category-primer-cicle-ed-infantil","category-infantil","category-portada"],"post_mailing_queue_ids":[],"_links":{"self":[{"href":"https:\/\/agora.xtec.cat\/escolamestralvilanova\/wp-json\/wp\/v2\/posts\/5805","targetHints":{"allow":["GET"]}}],"collection":[{"href":"https:\/\/agora.xtec.cat\/escolamestralvilanova\/wp-json\/wp\/v2\/posts"}],"about":[{"href":"https:\/\/agora.xtec.cat\/escolamestralvilanova\/wp-json\/wp\/v2\/types\/post"}],"author":[{"embeddable":true,"href":"https:\/\/agora.xtec.cat\/escolamestralvilanova\/wp-json\/wp\/v2\/users\/1"}],"replies":[{"embeddable":true,"href":"https:\/\/agora.xtec.cat\/escolamestralvilanova\/wp-json\/wp\/v2\/comments?post=5805"}],"version-history":[{"count":1,"href":"https:\/\/agora.xtec.cat\/escolamestralvilanova\/wp-json\/wp\/v2\/posts\/5805\/revisions"}],"predecessor-version":[{"id":5807,"href":"https:\/\/agora.xtec.cat\/escolamestralvilanova\/wp-json\/wp\/v2\/posts\/5805\/revisions\/5807"}],"wp:attachment":[{"href":"https:\/\/agora.xtec.cat\/escolamestralvilanova\/wp-json\/wp\/v2\/media?parent=5805"}],"wp:term":[{"taxonomy":"category","embeddable":true,"href":"https:\/\/agora.xtec.cat\/escolamestralvilanova\/wp-json\/wp\/v2\/categories?post=5805"},{"taxonomy":"post_tag","embeddable":true,"href":"https:\/\/agora.xtec.cat\/escolamestralvilanova\/wp-json\/wp\/v2\/tags?post=5805"}],"curies":[{"name":"wp","href":"https:\/\/api.w.org\/{rel}","templated":true}]}}