{"id":5791,"date":"2021-09-22T17:33:57","date_gmt":"2021-09-22T15:33:57","guid":{"rendered":"https:\/\/agora.xtec.cat\/escolamestralvilanova\/?p=5791"},"modified":"2021-09-22T17:34:18","modified_gmt":"2021-09-22T15:34:18","slug":"benvinguda-tardor-2","status":"publish","type":"post","link":"https:\/\/agora.xtec.cat\/escolamestralvilanova\/infantil\/benvinguda-tardor-2\/","title":{"rendered":"BENVINGUDA TARDOR"},"content":{"rendered":"<p style=\"text-align: justify;\">Avui a l&#8217;escoleta hem rebut la nova estaci\u00f3 experimentant amb elements naturals que vam recollir del pati l&#8217;altre dia (pinyes, fulles, pedres&#8230;de les quals hem fet ampolles sensorials) i hem penjat algunes fulles a l&#8217;arbret que tenim al rac\u00f3 de les estacions!<img decoding=\"async\" class=\"an1\" src=\"https:\/\/fonts.gstatic.com\/s\/e\/notoemoji\/13.1.1\/1f341\/32.png\" alt=\"\ud83c\udf41\" data-emoji=\"\ud83c\udf41\" aria-label=\"\ud83c\udf41\" \/><img decoding=\"async\" class=\"an1\" src=\"https:\/\/fonts.gstatic.com\/s\/e\/notoemoji\/13.1.1\/1f332\/32.png\" alt=\"\ud83c\udf32\" data-emoji=\"\ud83c\udf32\" aria-label=\"\ud83c\udf32\" \/><img decoding=\"async\" class=\"an1\" src=\"https:\/\/fonts.gstatic.com\/s\/e\/notoemoji\/13.1.1\/1f33e\/32.png\" alt=\"\ud83c\udf3e\" data-emoji=\"\ud83c\udf3e\" aria-label=\"\ud83c\udf3e\" \/><br \/>\nTamb\u00e9 hem fullejat i explicat contes d&#8217;aquesta estaci\u00f3, jugat amb un encaix d&#8217;un caragol que ens va fer una mare&#8230;<br \/>\nA m\u00e9s, hem cantat algunes can\u00e7ons de la tardor com: &#8220;S\u00f3c un bolet&#8221; o &#8221; M&#8217;agrada la tardor&#8221;, entre d&#8217;altres.\u00a0<img decoding=\"async\" class=\"an1\" src=\"https:\/\/fonts.gstatic.com\/s\/e\/notoemoji\/13.1.1\/1f3bc\/32.png\" alt=\"\ud83c\udfbc\" data-emoji=\"\ud83c\udfbc\" aria-label=\"\ud83c\udfbc\" \/><br \/>\nEns ho hem passat d&#8217;all\u00f2 m\u00e9s b\u00e9!\u00a0<img decoding=\"async\" class=\"an1\" src=\"https:\/\/fonts.gstatic.com\/s\/e\/notoemoji\/13.1.1\/1f44f\/32.png\" alt=\"\ud83d\udc4f\" data-emoji=\"\ud83d\udc4f\" aria-label=\"\ud83d\udc4f\" \/><img decoding=\"async\" class=\"an1\" src=\"https:\/\/fonts.gstatic.com\/s\/e\/notoemoji\/13.1.1\/1f600\/32.png\" alt=\"\ud83d\ude00\" data-emoji=\"\ud83d\ude00\" aria-label=\"\ud83d\ude00\" \/><\/p>\n<p>Fam\u00edlies, us demanem que si podeu porteu algun FRUIT o element d&#8217;aquesta estaci\u00f3 per tal d&#8217;incloure&#8217;l al rac\u00f3 i desenvolupar altres propostes de tardor! Gr\u00e0cies!<\/p>\n<ul>\n<li style=\"text-align: justify;\"><a href=\"https:\/\/photos.app.goo.gl\/iJxZ9VB2Dt4AebUd8\">ENLLA\u00c7 A LES FOTOGRAFIES<\/a><\/li>\n<\/ul>\n<p><a href=\"https:\/\/photos.app.goo.gl\/iJxZ9VB2Dt4AebUd8\"><img loading=\"lazy\" decoding=\"async\" class=\"alignnone size-medium wp-image-5792\" src=\"https:\/\/agora.xtec.cat\/escolamestralvilanova\/wp-content\/uploads\/usu729\/2021\/09\/IMG_20210922_133434-300x240.jpg\" alt=\"\" width=\"300\" height=\"240\" srcset=\"https:\/\/agora.xtec.cat\/escolamestralvilanova\/wp-content\/uploads\/usu729\/2021\/09\/IMG_20210922_133434-300x240.jpg 300w, https:\/\/agora.xtec.cat\/escolamestralvilanova\/wp-content\/uploads\/usu729\/2021\/09\/IMG_20210922_133434-1024x820.jpg 1024w, https:\/\/agora.xtec.cat\/escolamestralvilanova\/wp-content\/uploads\/usu729\/2021\/09\/IMG_20210922_133434-768x615.jpg 768w, https:\/\/agora.xtec.cat\/escolamestralvilanova\/wp-content\/uploads\/usu729\/2021\/09\/IMG_20210922_133434-1536x1230.jpg 1536w, https:\/\/agora.xtec.cat\/escolamestralvilanova\/wp-content\/uploads\/usu729\/2021\/09\/IMG_20210922_133434-2048x1640.jpg 2048w\" sizes=\"auto, (max-width: 300px) 100vw, 300px\" \/><\/a><\/p>\n","protected":false},"excerpt":{"rendered":"<p>Avui a l&#8217;escoleta hem rebut la nova estaci\u00f3 experimentant amb elements naturals que vam recollir del pati l&#8217;altre dia (pinyes, fulles, pedres&#8230;de les quals hem fet ampolles sensorials) i hem penjat algunes fulles a l&#8217;arbret que tenim al rac\u00f3 de les estacions!<br \/>\nTamb\u00e9 hem fullejat i&hellip;  <a href=\"https:\/\/agora.xtec.cat\/escolamestralvilanova\/infantil\/benvinguda-tardor-2\/\" title=\"Read BENVINGUDA TARDOR\">Llegeix m\u00e9s\u00bb<\/a><\/p>\n","protected":false},"author":1,"featured_media":0,"comment_status":"open","ping_status":"closed","sticky":false,"template":"","format":"standard","meta":{"_bbp_topic_count":0,"_bbp_reply_count":0,"_bbp_total_topic_count":0,"_bbp_total_reply_count":0,"_bbp_voice_count":0,"_bbp_anonymous_reply_count":0,"_bbp_topic_count_hidden":0,"_bbp_reply_count_hidden":0,"_bbp_forum_subforum_count":0,"footnotes":""},"categories":[14,59,2,4],"tags":[],"class_list":["post-5791","post","type-post","status-publish","format-standard","hentry","category-ei1-ei2","category-primer-cicle-ed-infantil","category-infantil","category-portada"],"post_mailing_queue_ids":[],"_links":{"self":[{"href":"https:\/\/agora.xtec.cat\/escolamestralvilanova\/wp-json\/wp\/v2\/posts\/5791","targetHints":{"allow":["GET"]}}],"collection":[{"href":"https:\/\/agora.xtec.cat\/escolamestralvilanova\/wp-json\/wp\/v2\/posts"}],"about":[{"href":"https:\/\/agora.xtec.cat\/escolamestralvilanova\/wp-json\/wp\/v2\/types\/post"}],"author":[{"embeddable":true,"href":"https:\/\/agora.xtec.cat\/escolamestralvilanova\/wp-json\/wp\/v2\/users\/1"}],"replies":[{"embeddable":true,"href":"https:\/\/agora.xtec.cat\/escolamestralvilanova\/wp-json\/wp\/v2\/comments?post=5791"}],"version-history":[{"count":2,"href":"https:\/\/agora.xtec.cat\/escolamestralvilanova\/wp-json\/wp\/v2\/posts\/5791\/revisions"}],"predecessor-version":[{"id":5794,"href":"https:\/\/agora.xtec.cat\/escolamestralvilanova\/wp-json\/wp\/v2\/posts\/5791\/revisions\/5794"}],"wp:attachment":[{"href":"https:\/\/agora.xtec.cat\/escolamestralvilanova\/wp-json\/wp\/v2\/media?parent=5791"}],"wp:term":[{"taxonomy":"category","embeddable":true,"href":"https:\/\/agora.xtec.cat\/escolamestralvilanova\/wp-json\/wp\/v2\/categories?post=5791"},{"taxonomy":"post_tag","embeddable":true,"href":"https:\/\/agora.xtec.cat\/escolamestralvilanova\/wp-json\/wp\/v2\/tags?post=5791"}],"curies":[{"name":"wp","href":"https:\/\/api.w.org\/{rel}","templated":true}]}}