{"id":579,"date":"2018-06-19T23:29:40","date_gmt":"2018-06-19T21:29:40","guid":{"rendered":"http:\/\/agora.xtec.cat\/escolamestralvilanova\/?p=579"},"modified":"2018-06-21T19:03:19","modified_gmt":"2018-06-21T17:03:19","slug":"fer-projecte-emprenedoria","status":"publish","type":"post","link":"https:\/\/agora.xtec.cat\/escolamestralvilanova\/portada\/fer-projecte-emprenedoria\/","title":{"rendered":"FER, UN PROJECTE D&#8217;EMPRENEDORIA"},"content":{"rendered":"<p>Durant aquest curs, els alumnes de Cicle Superior hem iniciat un projecte d&#8217;emprenedoria en col\u00b7laboraci\u00f3 amb\u00a0el consell Comarcal de la Noguera i en el qual han participat altres escoles del voltant, aix\u00ed com d&#8217;Est\u00f2nia.<\/p>\n<p>Per la qual cosa, durant aquest primer any la nostra\u00a0tasca ha consitit en con\u00e8ixer i donar a con\u00e8ixer\u00a0la realitat del nostre\u00a0entorn m\u00e9s proper,\u00a0Vilanova de la Barca.<\/p>\n<p>Aix\u00ed, hem realitzat entrevistes i hem fet un treball sobre el nostre poble que hem compartit mitjan\u00e7ant la seg\u00fcent plana web: <a href=\"https:\/\/sites.google.com\/site\/fermestral\/\">https:\/\/sites.google.com\/site\/fermestral\/<\/a><\/p>\n<p>El nostre resultat final ha quedat reflectit en el seg\u00fcent\u00a0<a href=\"https:\/\/drive.google.com\/file\/d\/1aoO99eX56OC3CDvHdeJ7DQZUtmjT3xfU\/view?usp=sharing\">V\u00cdDEO<\/a>. Esperem que us agradi!<\/p>\n<p>L&#8217;any vinent continuarem, ja que encara tenim molt per aprendre i hem de crear la nostra empresa!<\/p>\n<p><a href=\"http:\/\/agora.xtec.cat\/escolamestralvilanova\/wp-content\/uploads\/usu729\/2018\/06\/conoce-fer_2.png\"><img loading=\"lazy\" decoding=\"async\" class=\"alignnone size-full wp-image-580\" src=\"http:\/\/agora.xtec.cat\/escolamestralvilanova\/wp-content\/uploads\/usu729\/2018\/06\/conoce-fer_2.png\" alt=\"\" width=\"117\" height=\"195\" \/><\/a><\/p>\n","protected":false},"excerpt":{"rendered":"<p>Durant aquest curs, els alumnes de Cicle Superior hem iniciat un projecte d&#8217;emprenedoria en col\u00b7laboraci\u00f3 amb\u00a0el consell Comarcal de la Noguera i en el qual han participat altres escoles del voltant, aix\u00ed com d&#8217;Est\u00f2nia.<br \/>\nPer la qual cosa, durant aquest primer any la nostra\u00a0tasca ha consitit&hellip;  <a href=\"https:\/\/agora.xtec.cat\/escolamestralvilanova\/portada\/fer-projecte-emprenedoria\/\" title=\"Read FER, UN PROJECTE D&#8217;EMPRENEDORIA\">Llegeix m\u00e9s\u00bb<\/a><\/p>\n","protected":false},"author":1,"featured_media":0,"comment_status":"open","ping_status":"closed","sticky":false,"template":"","format":"standard","meta":{"_bbp_topic_count":0,"_bbp_reply_count":0,"_bbp_total_topic_count":0,"_bbp_total_reply_count":0,"_bbp_voice_count":0,"_bbp_anonymous_reply_count":0,"_bbp_topic_count_hidden":0,"_bbp_reply_count_hidden":0,"_bbp_forum_subforum_count":0,"footnotes":""},"categories":[4],"tags":[],"class_list":["post-579","post","type-post","status-publish","format-standard","hentry","category-portada"],"post_mailing_queue_ids":[],"_links":{"self":[{"href":"https:\/\/agora.xtec.cat\/escolamestralvilanova\/wp-json\/wp\/v2\/posts\/579","targetHints":{"allow":["GET"]}}],"collection":[{"href":"https:\/\/agora.xtec.cat\/escolamestralvilanova\/wp-json\/wp\/v2\/posts"}],"about":[{"href":"https:\/\/agora.xtec.cat\/escolamestralvilanova\/wp-json\/wp\/v2\/types\/post"}],"author":[{"embeddable":true,"href":"https:\/\/agora.xtec.cat\/escolamestralvilanova\/wp-json\/wp\/v2\/users\/1"}],"replies":[{"embeddable":true,"href":"https:\/\/agora.xtec.cat\/escolamestralvilanova\/wp-json\/wp\/v2\/comments?post=579"}],"version-history":[{"count":3,"href":"https:\/\/agora.xtec.cat\/escolamestralvilanova\/wp-json\/wp\/v2\/posts\/579\/revisions"}],"predecessor-version":[{"id":585,"href":"https:\/\/agora.xtec.cat\/escolamestralvilanova\/wp-json\/wp\/v2\/posts\/579\/revisions\/585"}],"wp:attachment":[{"href":"https:\/\/agora.xtec.cat\/escolamestralvilanova\/wp-json\/wp\/v2\/media?parent=579"}],"wp:term":[{"taxonomy":"category","embeddable":true,"href":"https:\/\/agora.xtec.cat\/escolamestralvilanova\/wp-json\/wp\/v2\/categories?post=579"},{"taxonomy":"post_tag","embeddable":true,"href":"https:\/\/agora.xtec.cat\/escolamestralvilanova\/wp-json\/wp\/v2\/tags?post=579"}],"curies":[{"name":"wp","href":"https:\/\/api.w.org\/{rel}","templated":true}]}}