{"id":5777,"date":"2021-09-20T09:56:13","date_gmt":"2021-09-20T07:56:13","guid":{"rendered":"https:\/\/agora.xtec.cat\/escolamestralvilanova\/?p=5777"},"modified":"2021-09-22T10:08:14","modified_gmt":"2021-09-22T08:08:14","slug":"reunions-inici-de-curs-2","status":"publish","type":"post","link":"https:\/\/agora.xtec.cat\/escolamestralvilanova\/portada\/reunions-inici-de-curs-2\/","title":{"rendered":"REUNIONS INICI DE CURS"},"content":{"rendered":"<p class=\"gmail_default\" style=\"text-align: justify;\">Benvolgudes fam\u00edlies,<\/p>\n<p class=\"gmail_default\" style=\"text-align: justify;\">Us convoquem a les reunions d&#8217;inici de curs que es realitzaran durant els propers dies.<\/p>\n<p class=\"gmail_default\" style=\"text-align: justify;\"><b><i>Amb l&#8217;objectiu de fer-vos part\u00edcips en els punts que es tractaran a la reuni\u00f3 i tenint en compte la situaci\u00f3 sanit\u00e0ria actual, si considereu que s&#8217;ha de parlar d&#8217;algun aspecte en concret, ens ho podeu fer saber tot responent aquest correu.<\/i><\/b><\/p>\n<p class=\"gmail_default\" style=\"text-align: justify;\">Les dates de les reunions estan diferenciades per cursos tal i com es mostra a la seg\u00fcent graella:<\/p>\n<p dir=\"ltr\"><b>DATES:<\/b><\/p>\n<div dir=\"ltr\" align=\"left\">\n<table style=\"width: 95.0937%; height: 418px;\">\n<colgroup>\n<col width=\"226\" \/>\n<col width=\"400\" \/><\/colgroup>\n<tbody>\n<tr style=\"height: 57px;\">\n<td style=\"width: 20.072%; text-align: center; height: 57px;\">\n<p dir=\"ltr\"><strong>LLAR<\/strong><\/p>\n<\/td>\n<td style=\"width: 33.9779%; height: 57px;\">\n<p dir=\"ltr\"><em>dimecres 6 d&#8217;octubre de 2021<\/em><\/p>\n<\/td>\n<td style=\"width: 21.1076%; height: 57px;\">\n<p dir=\"ltr\"><em>A les 18:30 hores<\/em><\/p>\n<\/td>\n<\/tr>\n<tr style=\"height: 57px;\">\n<td style=\"width: 20.072%; text-align: center; height: 57px;\">\n<p dir=\"ltr\"><strong>EI3 &#8211; EI4<\/strong><\/p>\n<\/td>\n<td style=\"width: 33.9779%; height: 57px;\">\n<p dir=\"ltr\"><em>dimecres 22 de setembre de 2021<\/em><\/p>\n<\/td>\n<td style=\"width: 21.1076%; height: 57px;\">\n<p dir=\"ltr\"><em>A les 19:00 hores<\/em><\/p>\n<\/td>\n<\/tr>\n<tr style=\"height: 57px;\">\n<td style=\"width: 20.072%; text-align: center; height: 57px;\">\n<p dir=\"ltr\"><strong>EI5 &#8211; PRIMER<\/strong><\/p>\n<\/td>\n<td style=\"width: 33.9779%; height: 57px;\">\n<p dir=\"ltr\"><em>dilluns 27 de setembre de 2021<\/em><\/p>\n<\/td>\n<td style=\"width: 21.1076%; height: 57px;\">\n<p dir=\"ltr\"><em>A les 19:00 hores<\/em><\/p>\n<\/td>\n<\/tr>\n<tr style=\"height: 57px;\">\n<td style=\"width: 20.072%; text-align: center; height: 57px;\">\n<p dir=\"ltr\"><strong>SEGON<\/strong><\/p>\n<\/td>\n<td style=\"width: 33.9779%; height: 57px;\">\n<p dir=\"ltr\"><em>dilluns 27 de setembre de 2021<\/em><\/p>\n<\/td>\n<td style=\"width: 21.1076%; height: 57px;\">\n<p dir=\"ltr\"><em>A les 19:00 hores<\/em><\/p>\n<\/td>\n<\/tr>\n<tr style=\"height: 57px;\">\n<td style=\"width: 20.072%; text-align: center; height: 57px;\">\n<p dir=\"ltr\"><strong>TERCER &#8211; QUART<\/strong><\/p>\n<\/td>\n<td style=\"width: 33.9779%; height: 57px;\">\n<p dir=\"ltr\"><em>dilluns 27 de setembre de 2021<\/em><\/p>\n<\/td>\n<td style=\"width: 21.1076%; height: 57px;\">\n<p dir=\"ltr\"><em>A les 19:00 hores<\/em><\/p>\n<\/td>\n<\/tr>\n<tr style=\"height: 57px;\">\n<td style=\"width: 20.072%; text-align: center; height: 57px;\">\n<p dir=\"ltr\"><strong>CINQU\u00c8<\/strong><\/p>\n<\/td>\n<td style=\"width: 33.9779%; height: 57px;\">\n<p dir=\"ltr\"><em>dimecres 22 de setembre de 2021<\/em><\/p>\n<\/td>\n<td style=\"width: 21.1076%; height: 57px;\">\n<p dir=\"ltr\"><em>A les 19:00 hores<\/em><\/p>\n<\/td>\n<\/tr>\n<tr style=\"height: 57px;\">\n<td style=\"width: 20.072%; text-align: center; height: 57px;\">\n<p dir=\"ltr\"><strong>SIS\u00c8<\/strong><\/p>\n<\/td>\n<td style=\"width: 33.9779%; height: 57px;\">\n<p dir=\"ltr\"><em>dimecres 22 de setembre de 2021<\/em><\/p>\n<\/td>\n<td style=\"width: 21.1076%; height: 57px;\">\n<p dir=\"ltr\"><em>A les 19:15 hores<\/em><\/p>\n<\/td>\n<\/tr>\n<\/tbody>\n<\/table>\n<\/div>\n<p class=\"gmail_default\">Esperem la vostra assist\u00e8ncia!<\/p>\n","protected":false},"excerpt":{"rendered":"<p>Benvolgudes fam\u00edlies,<br \/>\nUs convoquem a les reunions d&#8217;inici de curs que es realitzaran durant els propers dies.<br \/>\nAmb l&#8217;objectiu de fer-vos part\u00edcips en els punts que es tractaran a la reuni\u00f3 i tenint en compte la situaci\u00f3 sanit\u00e0ria actual, si considereu que s&#8217;ha de parlar d&#8217;algun aspecte&hellip;  <a href=\"https:\/\/agora.xtec.cat\/escolamestralvilanova\/portada\/reunions-inici-de-curs-2\/\" title=\"Read REUNIONS INICI DE CURS\">Llegeix m\u00e9s\u00bb<\/a><\/p>\n","protected":false},"author":1,"featured_media":0,"comment_status":"open","ping_status":"closed","sticky":false,"template":"","format":"standard","meta":{"_bbp_topic_count":0,"_bbp_reply_count":0,"_bbp_total_topic_count":0,"_bbp_total_reply_count":0,"_bbp_voice_count":0,"_bbp_anonymous_reply_count":0,"_bbp_topic_count_hidden":0,"_bbp_reply_count_hidden":0,"_bbp_forum_subforum_count":0,"footnotes":""},"categories":[4],"tags":[],"class_list":["post-5777","post","type-post","status-publish","format-standard","hentry","category-portada"],"post_mailing_queue_ids":[],"_links":{"self":[{"href":"https:\/\/agora.xtec.cat\/escolamestralvilanova\/wp-json\/wp\/v2\/posts\/5777","targetHints":{"allow":["GET"]}}],"collection":[{"href":"https:\/\/agora.xtec.cat\/escolamestralvilanova\/wp-json\/wp\/v2\/posts"}],"about":[{"href":"https:\/\/agora.xtec.cat\/escolamestralvilanova\/wp-json\/wp\/v2\/types\/post"}],"author":[{"embeddable":true,"href":"https:\/\/agora.xtec.cat\/escolamestralvilanova\/wp-json\/wp\/v2\/users\/1"}],"replies":[{"embeddable":true,"href":"https:\/\/agora.xtec.cat\/escolamestralvilanova\/wp-json\/wp\/v2\/comments?post=5777"}],"version-history":[{"count":3,"href":"https:\/\/agora.xtec.cat\/escolamestralvilanova\/wp-json\/wp\/v2\/posts\/5777\/revisions"}],"predecessor-version":[{"id":5788,"href":"https:\/\/agora.xtec.cat\/escolamestralvilanova\/wp-json\/wp\/v2\/posts\/5777\/revisions\/5788"}],"wp:attachment":[{"href":"https:\/\/agora.xtec.cat\/escolamestralvilanova\/wp-json\/wp\/v2\/media?parent=5777"}],"wp:term":[{"taxonomy":"category","embeddable":true,"href":"https:\/\/agora.xtec.cat\/escolamestralvilanova\/wp-json\/wp\/v2\/categories?post=5777"},{"taxonomy":"post_tag","embeddable":true,"href":"https:\/\/agora.xtec.cat\/escolamestralvilanova\/wp-json\/wp\/v2\/tags?post=5777"}],"curies":[{"name":"wp","href":"https:\/\/api.w.org\/{rel}","templated":true}]}}