{"id":5772,"date":"2021-09-28T10:25:50","date_gmt":"2021-09-28T08:25:50","guid":{"rendered":"https:\/\/agora.xtec.cat\/escolamestralvilanova\/?p=5772"},"modified":"2021-09-28T10:25:55","modified_gmt":"2021-09-28T08:25:55","slug":"a-laula-dei5-1r-donem-la-benvinguda-a-la-tardor","status":"publish","type":"post","link":"https:\/\/agora.xtec.cat\/escolamestralvilanova\/general\/a-laula-dei5-1r-donem-la-benvinguda-a-la-tardor\/","title":{"rendered":"A L&#8217;AULA D&#8217;EI5-1r DONEM LA BENVINGUDA A LA TARDOR!"},"content":{"rendered":"<p>Els infants de Ei5 &#8211; 1r hem donat la benvinguda a la tardor!<\/p>\n<p>Aquest dies estem treballant el vocabulari relacionat amb l&#8217;estaci\u00f3, els seus fruits, poemes i can\u00e7ons de la tardor&#8230; Ens agradat molt aquesta estaci\u00f3 de l&#8217;any!<\/p>\n<p><a href=\"https:\/\/agora.xtec.cat\/escolamestralvilanova\/wp-content\/uploads\/usu729\/2021\/09\/benviguda-tardor.jpg\"><img loading=\"lazy\" decoding=\"async\" class=\"alignnone wp-image-5773 size-large\" src=\"https:\/\/agora.xtec.cat\/escolamestralvilanova\/wp-content\/uploads\/usu729\/2021\/09\/benviguda-tardor-1024x1024.jpg\" alt=\"\" width=\"1024\" height=\"1024\" srcset=\"https:\/\/agora.xtec.cat\/escolamestralvilanova\/wp-content\/uploads\/usu729\/2021\/09\/benviguda-tardor-1024x1024.jpg 1024w, https:\/\/agora.xtec.cat\/escolamestralvilanova\/wp-content\/uploads\/usu729\/2021\/09\/benviguda-tardor-300x300.jpg 300w, https:\/\/agora.xtec.cat\/escolamestralvilanova\/wp-content\/uploads\/usu729\/2021\/09\/benviguda-tardor-150x150.jpg 150w, https:\/\/agora.xtec.cat\/escolamestralvilanova\/wp-content\/uploads\/usu729\/2021\/09\/benviguda-tardor-768x768.jpg 768w, https:\/\/agora.xtec.cat\/escolamestralvilanova\/wp-content\/uploads\/usu729\/2021\/09\/benviguda-tardor-1536x1536.jpg 1536w, https:\/\/agora.xtec.cat\/escolamestralvilanova\/wp-content\/uploads\/usu729\/2021\/09\/benviguda-tardor.jpg 1677w\" sizes=\"auto, (max-width: 1024px) 100vw, 1024px\" \/><\/a><\/p>\n","protected":false},"excerpt":{"rendered":"<p>Els infants de Ei5 &#8211; 1r hem donat la benvinguda a la tardor!<br \/>\nAquest dies estem treballant el vocabulari relacionat amb l&#8217;estaci\u00f3, els seus fruits, poemes i can\u00e7ons de la tardor&#8230; Ens agradat molt aquesta estaci\u00f3 de l&#8217;any!<br \/>\n<a href=\"https:\/\/agora.xtec.cat\/escolamestralvilanova\/wp-content\/uploads\/usu729\/2021\/09\/benviguda-tardor.jpg\"><\/a><\/p>\n","protected":false},"author":6,"featured_media":0,"comment_status":"open","ping_status":"closed","sticky":false,"template":"","format":"standard","meta":{"_bbp_topic_count":0,"_bbp_reply_count":0,"_bbp_total_topic_count":0,"_bbp_total_reply_count":0,"_bbp_voice_count":0,"_bbp_anonymous_reply_count":0,"_bbp_topic_count_hidden":0,"_bbp_reply_count_hidden":0,"_bbp_forum_subforum_count":0,"footnotes":""},"categories":[10,1,4,5],"tags":[],"class_list":["post-5772","post","type-post","status-publish","format-standard","hentry","category-ei5-primer","category-general","category-portada","category-primaria"],"post_mailing_queue_ids":[],"_links":{"self":[{"href":"https:\/\/agora.xtec.cat\/escolamestralvilanova\/wp-json\/wp\/v2\/posts\/5772","targetHints":{"allow":["GET"]}}],"collection":[{"href":"https:\/\/agora.xtec.cat\/escolamestralvilanova\/wp-json\/wp\/v2\/posts"}],"about":[{"href":"https:\/\/agora.xtec.cat\/escolamestralvilanova\/wp-json\/wp\/v2\/types\/post"}],"author":[{"embeddable":true,"href":"https:\/\/agora.xtec.cat\/escolamestralvilanova\/wp-json\/wp\/v2\/users\/6"}],"replies":[{"embeddable":true,"href":"https:\/\/agora.xtec.cat\/escolamestralvilanova\/wp-json\/wp\/v2\/comments?post=5772"}],"version-history":[{"count":2,"href":"https:\/\/agora.xtec.cat\/escolamestralvilanova\/wp-json\/wp\/v2\/posts\/5772\/revisions"}],"predecessor-version":[{"id":5817,"href":"https:\/\/agora.xtec.cat\/escolamestralvilanova\/wp-json\/wp\/v2\/posts\/5772\/revisions\/5817"}],"wp:attachment":[{"href":"https:\/\/agora.xtec.cat\/escolamestralvilanova\/wp-json\/wp\/v2\/media?parent=5772"}],"wp:term":[{"taxonomy":"category","embeddable":true,"href":"https:\/\/agora.xtec.cat\/escolamestralvilanova\/wp-json\/wp\/v2\/categories?post=5772"},{"taxonomy":"post_tag","embeddable":true,"href":"https:\/\/agora.xtec.cat\/escolamestralvilanova\/wp-json\/wp\/v2\/tags?post=5772"}],"curies":[{"name":"wp","href":"https:\/\/api.w.org\/{rel}","templated":true}]}}