{"id":5746,"date":"2021-09-09T09:20:35","date_gmt":"2021-09-09T07:20:35","guid":{"rendered":"https:\/\/agora.xtec.cat\/escolamestralvilanova\/?p=5746"},"modified":"2021-09-10T21:23:45","modified_gmt":"2021-09-10T19:23:45","slug":"entrades-a-lescola","status":"publish","type":"post","link":"https:\/\/agora.xtec.cat\/escolamestralvilanova\/portada\/entrades-a-lescola\/","title":{"rendered":"ENTRADES A L&#8217;ESCOLA"},"content":{"rendered":"<p><strong>RECORDATORI:<\/strong><\/p>\n<p style=\"text-align: justify;\">Al document que us vam enviar la setmana passada es concreta quin ser\u00e0 el protocol d&#8217;entrades i sortides a l&#8217;escola aquest curs escolar.<\/p>\n<p style=\"text-align: justify;\"><span style=\"color: #ff0000;\"><strong>NOTA: L&#8217;entrada ser\u00e0 esglaonada a partir de les 9:00 hores seguint un ordre, de curs m\u00e9s gran a petit.<\/strong><\/span><\/p>\n<p style=\"text-align: justify;\">Per tal que us sigui m\u00e9s visual, a continuaci\u00f3 us adjuntem una infografia on est\u00e0 explicat gr\u00e0ficament:<\/p>\n<p><a href=\"https:\/\/agora.xtec.cat\/escolamestralvilanova\/wp-content\/uploads\/usu729\/2021\/09\/Captura-de-Pantalla-2021-09-10-a-les-21.22.08.png\"><img loading=\"lazy\" decoding=\"async\" class=\"alignnone wp-image-5747 \" src=\"https:\/\/agora.xtec.cat\/escolamestralvilanova\/wp-content\/uploads\/usu729\/2021\/09\/Captura-de-Pantalla-2021-09-10-a-les-21.22.08-795x1024.png\" alt=\"\" width=\"368\" height=\"474\" srcset=\"https:\/\/agora.xtec.cat\/escolamestralvilanova\/wp-content\/uploads\/usu729\/2021\/09\/Captura-de-Pantalla-2021-09-10-a-les-21.22.08-795x1024.png 795w, https:\/\/agora.xtec.cat\/escolamestralvilanova\/wp-content\/uploads\/usu729\/2021\/09\/Captura-de-Pantalla-2021-09-10-a-les-21.22.08-233x300.png 233w, https:\/\/agora.xtec.cat\/escolamestralvilanova\/wp-content\/uploads\/usu729\/2021\/09\/Captura-de-Pantalla-2021-09-10-a-les-21.22.08-768x989.png 768w, https:\/\/agora.xtec.cat\/escolamestralvilanova\/wp-content\/uploads\/usu729\/2021\/09\/Captura-de-Pantalla-2021-09-10-a-les-21.22.08.png 860w\" sizes=\"auto, (max-width: 368px) 100vw, 368px\" \/><\/a><\/p>\n","protected":false},"excerpt":{"rendered":"<p>RECORDATORI:<br \/>\nAl document que us vam enviar la setmana passada es concreta quin ser\u00e0 el protocol d&#8217;entrades i sortides a l&#8217;escola aquest curs escolar.<br \/>\nNOTA: L&#8217;entrada ser\u00e0 esglaonada a partir de les 9:00 hores seguint un ordre, de curs m\u00e9s gran a petit.<br \/>\nPer tal que us sigui&hellip;  <a href=\"https:\/\/agora.xtec.cat\/escolamestralvilanova\/portada\/entrades-a-lescola\/\" title=\"Read ENTRADES A L&#8217;ESCOLA\">Llegeix m\u00e9s\u00bb<\/a><\/p>\n","protected":false},"author":1,"featured_media":0,"comment_status":"open","ping_status":"closed","sticky":false,"template":"","format":"standard","meta":{"_bbp_topic_count":0,"_bbp_reply_count":0,"_bbp_total_topic_count":0,"_bbp_total_reply_count":0,"_bbp_voice_count":0,"_bbp_anonymous_reply_count":0,"_bbp_topic_count_hidden":0,"_bbp_reply_count_hidden":0,"_bbp_forum_subforum_count":0,"footnotes":""},"categories":[4],"tags":[],"class_list":["post-5746","post","type-post","status-publish","format-standard","hentry","category-portada"],"post_mailing_queue_ids":[],"_links":{"self":[{"href":"https:\/\/agora.xtec.cat\/escolamestralvilanova\/wp-json\/wp\/v2\/posts\/5746","targetHints":{"allow":["GET"]}}],"collection":[{"href":"https:\/\/agora.xtec.cat\/escolamestralvilanova\/wp-json\/wp\/v2\/posts"}],"about":[{"href":"https:\/\/agora.xtec.cat\/escolamestralvilanova\/wp-json\/wp\/v2\/types\/post"}],"author":[{"embeddable":true,"href":"https:\/\/agora.xtec.cat\/escolamestralvilanova\/wp-json\/wp\/v2\/users\/1"}],"replies":[{"embeddable":true,"href":"https:\/\/agora.xtec.cat\/escolamestralvilanova\/wp-json\/wp\/v2\/comments?post=5746"}],"version-history":[{"count":1,"href":"https:\/\/agora.xtec.cat\/escolamestralvilanova\/wp-json\/wp\/v2\/posts\/5746\/revisions"}],"predecessor-version":[{"id":5748,"href":"https:\/\/agora.xtec.cat\/escolamestralvilanova\/wp-json\/wp\/v2\/posts\/5746\/revisions\/5748"}],"wp:attachment":[{"href":"https:\/\/agora.xtec.cat\/escolamestralvilanova\/wp-json\/wp\/v2\/media?parent=5746"}],"wp:term":[{"taxonomy":"category","embeddable":true,"href":"https:\/\/agora.xtec.cat\/escolamestralvilanova\/wp-json\/wp\/v2\/categories?post=5746"},{"taxonomy":"post_tag","embeddable":true,"href":"https:\/\/agora.xtec.cat\/escolamestralvilanova\/wp-json\/wp\/v2\/tags?post=5746"}],"curies":[{"name":"wp","href":"https:\/\/api.w.org\/{rel}","templated":true}]}}